{"id":3749,"date":"2017-02-12T13:42:14","date_gmt":"2017-02-12T12:42:14","guid":{"rendered":"http:\/\/fsmcv.org\/?post_type=fsmcv-noticias&#038;p=3749"},"modified":"2021-04-08T18:56:56","modified_gmt":"2021-04-08T16:56:56","slug":"la-primitiva-de-rafelbunyol-guanya-el-concurs-bankia-dorquestres-valencianes","status":"publish","type":"post","link":"https:\/\/fsmcv.org\/vl\/societats-musicals\/la-primitiva-de-rafelbunyol-guanya-el-concurs-bankia-dorquestres-valencianes\/","title":{"rendered":"Les Orquestres de la Primitiva de Rafelbunyol y de la SM Sta. Cecilia de Cullera, guanyadores del concurs Bankia d&#8217;Orquestres valencianes"},"content":{"rendered":"<p><strong>L&#8217;Orquestra Simf\u00f2nica de la Societat Musical &#8216;La Primitiva&#8217; de Rafelbunyol ha resultat guanyadora de la categoria Salvador Giner en la primera jornada del Concurs Bankia d&#8217;Orquestres de la Comunitat Valenciana, celebrada en el Palau dels Arts. A la categoria Martin i Soler, s&#8217;ha al\u00e7at com a guanyador la Societat\u00a0Musical Santa Cec\u00edlia de Cullera. Carlos Garc\u00e9s, director de la Santa Cec\u00edlia de Cullera, ha sigut guardonat amb el Premi al Millor Director.<\/strong><\/p>\n<p>&#8216;La Primitiva&#8217; de Rafelbunyol, amb direcci\u00f3\u00a0de Pablo Marqu\u00e9s, ha interpretat la &#8216;Suite Checa Op.39&#8217;, de Dvor\u00e1k, i la &#8216;Simfonia n\u00fam.2 en re major Op.36&#8217; de Ludwig van Beethoven.<\/p>\n<p>A continuaci\u00f3, ha intervingut l&#8217;Orquestra Jos\u00e9 Perpi\u00f1\u00e1n\u00a0de la Societat Musical de Segorbe dirigida per Daniel G\u00f3mez Asensio, que ha interpretat la &#8216;Simfonia en re major Op.44&#8217;, de Muzio Clementi, i &#8216;Finl\u00e0ndia-Poema simf\u00f2nic Op.26&#8217;, de Jean Sibelius.<\/p>\n<p>En la sessi\u00f3 vespertina, ha actuat la Orquestra Simf\u00f2nica Juvenil de l&#8217;Ateneu Musical de Cullera, dirigida per Pascual Mart\u00ednez Mart\u00ednez, interpretant l&#8217;obra &#8216;Les criatures de Prometeu&#8217;, de Ludwig van Beethoven, i la Suite de la pel\u00b7l\u00edcula &#8216;Ovod (El Borinot) Op.97&#8217;, de Dimitri Xostak\u00f3vitx.<\/p>\n<p>Ha tancat la primera jornada del I Concurs Bankia d&#8217;Orquestres de la Comunitat Valenciana la Jove Orquestra de la Societat la Primitiva Setabense de X\u00e0tiva, dirigida per Jos\u00e9 Mart\u00ednez Colomina, que ha interpretat &#8216;Egmont Op.84&#8217;, de Ludwig van Beethoven, i la &#8216;Simfonia num.104 Londres&#8217;, de Joseph Haydn.<\/p>\n<p>Diumenge a les 11h ha comen\u00e7at el torn de l&#8217;Orquestra de Corda de la Societat Musical d&#8217;Alboraia, que ha interpretat la Simfonia n\u00ba 5 en do menor, op. 67 de Beethoven i el Concert per a piano i orquestra n\u00ba 2 op. 18 de Rakhm\u00e0ninov; a continuaci\u00f3\u00a0l&#8217;Orquestra Simf\u00f2nica de la Societat Musical Santa Cec\u00edlia de Cullera ha interpretat Coriolano seguida de la Simfonia n\u00ba 9 del Nou M\u00f3n. Precisament el director de la Santa Cec\u00edlia de Cullera, que ha resultat l&#8217;orquestra guanyadora d&#8217;aquesta categoria, ha sigut guardonat amb el Premi a Millor Director del I Concurs Bankia d&#8217;Orquestres de la CV.<\/p>\n<p>En paraules del president de la FSMCV, Pedro Rodriguez, aquest concurs &#8220;ha vingut per a quedar-se&#8221; i \u00e9s el primer pas del llarg cam\u00ed que queda per rec\u00f3rrer a la Comunitat Valenciana en el tema orquestral, on diverses activitats no coordinades donen lloc a disfuncions i inefici\u00e8ncies: &#8220;Aquest projecte pret\u00e9n reproduir el model d&#8217;\u00e8xit de les bandes de m\u00fasica en el tema orquestral, per la qual cosa es reprodueix el que la sana compet\u00e8ncia i els sentiments identitaris han aconseguit de positiu per al llan\u00e7ament dels nostres professionals a les bandes i orquestres de tot el m\u00f3n&#8221; ha declarat. Rodriguez ha assenyalat tamb\u00e9 que &#8220;perqu\u00e8 el m\u00f3n orquestral arribe a tenir la rellev\u00e0ncia de l&#8217;univers band\u00edsitico valenci\u00e0 \u00e9s imprescindible que les orquestres introdu\u00efsquen la figura del m\u00fasic aficionat com a part important de les seues plantilles, que a hores d&#8217;ara estan pr\u00e0cticament copades per professionals o estudiants en vies de professionalitzaci\u00f3&#8221;.<\/p>\n","protected":false},"excerpt":{"rendered":"<p>L&#8217;Orquestra Simf\u00f2nica de la Societat Musical &#8216;La Primitiva&#8217; de Rafelbunyol ha resultat guanyadora de la categoria Salvador Giner en la primera jornada del Concurs Bankia d&#8217;Orquestres de la Comunitat Valenciana, celebrada en el Palau dels Arts. A la categoria Martin i Soler, s&#8217;ha al\u00e7at com a guanyador la Societat Musical Santa Cec\u00edlia de Cullera. Carlos Garc\u00e9s, director de la Santa Cec\u00edlia de Cullera, ha sigut guardonat amb el Premi al Millor Director.<\/p>\n","protected":false},"author":2,"featured_media":0,"comment_status":"closed","ping_status":"closed","sticky":false,"template":"","format":"standard","meta":{"footnotes":""},"categories":[56],"tags":[],"class_list":["post-3749","post","type-post","status-publish","format-standard","hentry","category-societats-musicals"],"_links":{"self":[{"href":"https:\/\/fsmcv.org\/vl\/wp-json\/wp\/v2\/posts\/3749","targetHints":{"allow":["GET"]}}],"collection":[{"href":"https:\/\/fsmcv.org\/vl\/wp-json\/wp\/v2\/posts"}],"about":[{"href":"https:\/\/fsmcv.org\/vl\/wp-json\/wp\/v2\/types\/post"}],"author":[{"embeddable":true,"href":"https:\/\/fsmcv.org\/vl\/wp-json\/wp\/v2\/users\/2"}],"replies":[{"embeddable":true,"href":"https:\/\/fsmcv.org\/vl\/wp-json\/wp\/v2\/comments?post=3749"}],"version-history":[{"count":0,"href":"https:\/\/fsmcv.org\/vl\/wp-json\/wp\/v2\/posts\/3749\/revisions"}],"wp:attachment":[{"href":"https:\/\/fsmcv.org\/vl\/wp-json\/wp\/v2\/media?parent=3749"}],"wp:term":[{"taxonomy":"category","embeddable":true,"href":"https:\/\/fsmcv.org\/vl\/wp-json\/wp\/v2\/categories?post=3749"},{"taxonomy":"post_tag","embeddable":true,"href":"https:\/\/fsmcv.org\/vl\/wp-json\/wp\/v2\/tags?post=3749"}],"curies":[{"name":"wp","href":"https:\/\/api.w.org\/{rel}","templated":true}]}}