{"id":3753,"date":"2017-02-13T10:26:58","date_gmt":"2017-02-13T09:26:58","guid":{"rendered":"http:\/\/fsmcv.org\/?post_type=fsmcv-noticias&#038;p=3753"},"modified":"2021-04-08T18:54:16","modified_gmt":"2021-04-08T16:54:16","slug":"el-ayuntamiento-de-valencia-convoca-bolsas-de-trabajo-para-profesores-de-violin-y-lenguaje-musical","status":"publish","type":"post","link":"https:\/\/fsmcv.org\/vl\/noticies-del-portal-docupacio\/el-ayuntamiento-de-valencia-convoca-bolsas-de-trabajo-para-profesores-de-violin-y-lenguaje-musical\/","title":{"rendered":"L&#8217;Ajuntament de Val\u00e8ncia convoca borses de treball per a professors de viol\u00ed i de llenguatge musical"},"content":{"rendered":"<p>L&#8217;Ajuntament de Val\u00e8ncia ha obert el termini per constituir dues borses de treball per a professors de m\u00fasica, amb la especialitat de Viol\u00ed i amb la especialitat de Llenguatge musical, per a nomenaments futurs per millora d&#8217;ocupaci\u00f3 i interinitats.<\/p>\n<p>Les inst\u00e0ncies podran presentar-se <strong>fins el 10 de mar\u00e7<\/strong>. Els aspirants hauran de complir els requisits especificats en les bases de constituci\u00f3 de la borsa: tindre m\u00e9s de 16 anys; posseir la nacionalitat espanyola, d&#8217;algun estat membre de la Uni\u00f3 Europea o pa\u00efsos amb tractats internacionals subscrits per la UE i ratificats per Espanya; posseir les capacitats f\u00edsiques i ps\u00edquiques per a l&#8217;exercici de les funcions; no haber estat separat mitjan\u00e7ant expedient disciplinari de qualsevol administraci\u00f3 p\u00fablica; no haber estat condemnat per sent\u00e8ncia ferma per delictes contra la llibertat i indemnitat sexual; i estar en possessi\u00f3 del t\u00edtol de professor superior amb les especialitats demanades, graduat en m\u00fasica amb les especialitats, professors de Viol\u00ed o Llenguatge Musical, professor superior de Viol\u00ed o Llenguatge Musical o titulaci\u00f3 equivalent.<\/p>\n<p>Si a m\u00e9s, l&#8217;aspirant desitja ser adm\u00e8s en la borsa de millora d&#8217;ocupaci\u00f3, haur\u00e0 d&#8217;\u00e9sser tamb\u00e9 funcionari de carrera de l&#8217;Ajuntament de Val\u00e8ncia.<\/p>\n<p>El qualsevol cas, els aspirants hauran de passar unes <strong>proves de selecci\u00f3<\/strong> consistents en tres exercicis: 1) una interpretaci\u00f3 musical (en el cas de la especialitat de viol\u00ed) o la composici\u00f3 d&#8217;un estudi de llenguatge musical o d&#8217;un exercici d&#8217;audici\u00f3 (especialitat de llenguatge musical); 2) classes pr\u00e0ctiques amb alumnes de diferents edats i nivells (ambd\u00f3s casos); i 3) suposats pedag\u00f2gics pr\u00e0ctics que els aspirants hauran de resoldre i exposar davant del tribunal, responent a les preguntes que aquest puga considerar en relaci\u00f3 amb aquest exercici o a les classes pr\u00e0ctiques realitzades amb alumnes.<\/p>\n<p>La fase de <strong>concurs<\/strong> s&#8217;aplicar\u00e0 als aspirants que superen les proves de selecci\u00f3, i en ella es valorar\u00e0 el coneixement de valenci\u00e0 en el cas d&#8217;interinitat, i a m\u00e9s l&#8217;antiguitat, la formaci\u00f3 acad\u00e8mica i la experi\u00e8ncia professional en cas d&#8217;aspirar a la millora d&#8217;ocupaci\u00f3.<\/p>\n<p>Podeu consultar les<a href=\"http:\/\/www.valencia.es\/ayuntamiento\/oposiciones.nsf\/vCategoriasBolsastodas\/A19DE2E5816D29B8C12580C3003113AD?OpenDocument&amp;lang=1&amp;nivel=11_4&amp;bdorigen=\" target=\"_blank\" rel=\"noopener\"> bases de la convocat\u00f2ria de la borsa de treball per a professors de viol\u00ed ac\u00ed<\/a>, i les <a href=\"http:\/\/www.valencia.es\/ayuntamiento\/oposiciones.nsf\/vCategoriasBolsastodas\/5AC99EDA2BC59C2EC12580C300318C3C?OpenDocument&amp;lang=1&amp;nivel=11_4&amp;bdorigen=\" target=\"_blank\" rel=\"noopener\">bases de la borsa de treball per a professors de llenguatge musical ac\u00ed<\/a>.<\/p>\n<p>&nbsp;<\/p>\n","protected":false},"excerpt":{"rendered":"<p>Les inst\u00e0ncies per a ambd\u00f3s borses de treball, que inclouen exercicis eliminatoris i fase de concurs, es podran presentar fins el 10 de mar\u00e7.<\/p>\n","protected":false},"author":2,"featured_media":0,"comment_status":"closed","ping_status":"closed","sticky":false,"template":"","format":"standard","meta":{"footnotes":""},"categories":[167],"tags":[],"class_list":["post-3753","post","type-post","status-publish","format-standard","hentry","category-noticies-del-portal-docupacio"],"_links":{"self":[{"href":"https:\/\/fsmcv.org\/vl\/wp-json\/wp\/v2\/posts\/3753","targetHints":{"allow":["GET"]}}],"collection":[{"href":"https:\/\/fsmcv.org\/vl\/wp-json\/wp\/v2\/posts"}],"about":[{"href":"https:\/\/fsmcv.org\/vl\/wp-json\/wp\/v2\/types\/post"}],"author":[{"embeddable":true,"href":"https:\/\/fsmcv.org\/vl\/wp-json\/wp\/v2\/users\/2"}],"replies":[{"embeddable":true,"href":"https:\/\/fsmcv.org\/vl\/wp-json\/wp\/v2\/comments?post=3753"}],"version-history":[{"count":0,"href":"https:\/\/fsmcv.org\/vl\/wp-json\/wp\/v2\/posts\/3753\/revisions"}],"wp:attachment":[{"href":"https:\/\/fsmcv.org\/vl\/wp-json\/wp\/v2\/media?parent=3753"}],"wp:term":[{"taxonomy":"category","embeddable":true,"href":"https:\/\/fsmcv.org\/vl\/wp-json\/wp\/v2\/categories?post=3753"},{"taxonomy":"post_tag","embeddable":true,"href":"https:\/\/fsmcv.org\/vl\/wp-json\/wp\/v2\/tags?post=3753"}],"curies":[{"name":"wp","href":"https:\/\/api.w.org\/{rel}","templated":true}]}}