{"id":3807,"date":"2017-03-01T13:24:02","date_gmt":"2017-03-01T12:24:02","guid":{"rendered":"http:\/\/fsmcv.org\/?post_type=fsmcv-noticias&#038;p=3807"},"modified":"2021-04-08T18:27:28","modified_gmt":"2021-04-08T16:27:28","slug":"las-sociedades-musicales-valencianas-rinden-homenaje-al-dia-de-la-mujer","status":"publish","type":"post","link":"https:\/\/fsmcv.org\/vl\/societats-musicals\/las-sociedades-musicales-valencianas-rinden-homenaje-al-dia-de-la-mujer\/","title":{"rendered":"Les societats musicals valencianes reten homenatge al Dia de la Dona"},"content":{"rendered":"<p>Moltes societats musicals aprofiten este cap de setmana per fer els seus particulars homenatges al Dia Internacional de la Dona, en el marc de la lluita per la igualtat i de la visibilitzaci\u00f3 de les dones en un m\u00f3n, el de la m\u00fasica, moltes voltes masculinitzat.<\/p>\n<p>Aix\u00ed com la Federaci\u00f3 de Societats Musicals vol commemorar aquest dia amb el Concert del 8 de mar\u00e7 i la Banda de Dones, moltes formacions de les nostres societats musicals posaran els seus instruments i treball musical al servei de les dones, en diferents actes de reivindicaci\u00f3 contra la discriminaci\u00f3 i per la visibilitat femenina no sols a l&#8217;\u00e0mbit musical, sin\u00f3 a totes les esferes socials i tot arreu del planeta.<\/p>\n<p>Les <a href=\"http:\/\/valldigna.blog.cat\/archives\/817662\" target=\"_blank\" rel=\"noopener\"><strong>bandes de Benifair\u00f3 de la Valldigna, Simat de la Valldigna i Barx<\/strong> s&#8217;han unit per retre el seu homenatge al 8 de mar\u00e7, amb un concert conjunt que ser\u00e0 interpretat per dones i dirigit per una altra dona, <strong>Olga Clari<\/strong><\/a>. Aquesta agrupaci\u00f3 femenina creada per a la ocasi\u00f3 interpretar\u00e0 el seu concert a l&#8217;Auditori Municipal de Benifair\u00f3 de la Valldigna el <strong>dissabte 4 de mar\u00e7 a les 19:30 hores<\/strong>.<\/p>\n<p>L&#8217;<strong>Associaci\u00f3 Filharm\u00f2nica Rossellana<\/strong> aprofitar\u00e0 els actes de commemoraci\u00f3 del seu centenari i junt amb la Uni\u00f3 Filharm\u00f2nica d&#8217;Amposta celebrar\u00e0 un Concert de Bandes Centen\u00e0ries pel Dia de la Dona Treballadora el dissabte 4 de mar\u00e7 a les 18h a la Casa de Cultura de Rossell.<\/p>\n<p>La Societat de la <strong>Uni\u00f3 Art\u00edstica Musical d&#8217;Alm\u00e0ssera<\/strong> tamb\u00e9 celebra el diumenge <strong>5 de mar\u00e7 a les 12h<\/strong> el seu concert Homenatge a la dona, al Centre Cultural d&#8217;Alm\u00e0ssera.<\/p>\n<p>El diumenge passat, 26 de febrer, tamb\u00e9 la banda simf\u00f2nica del <strong>Centre Instructiu Musical La Arm\u00f3nica de Bunyol<\/strong> va celebrar el Concert en honor a la dona &#8220;litrera&#8221;, un esdeveniment musical dirigit pel prestigi\u00f3s director holand\u00e8s Jan Cober.<\/p>\n<p>Per la seua banda, la <strong>Uni\u00f3 Musical de Ll\u00edria<\/strong> tamb\u00e9 ha apostat pel talent femen\u00ed per a la direcci\u00f3 de la seua orquestra simf\u00f2nica, que a partir d&#8217;ara ser\u00e0 digirida per la jove i prestigiosa directora <strong>Beatriz Fern\u00e1ndez Aucejo<\/strong>, qui a m\u00e9s a m\u00e9s ha estat la primera dona de la hist\u00f2ria de la Entrada de Bandes que ha dirigit El Fallero.<\/p>\n","protected":false},"excerpt":{"rendered":"<p>Diverses societats musicals organitzen concerts en commemoraci\u00f3 del Dia Internacional de la Dona que es celebra el 8 de mar\u00e7, per tal de donar visibilitat i reivindicar la igualtat no sols a l&#8217;\u00e0mbit musical, sin\u00f3 a totes les esferes socials. <\/p>\n","protected":false},"author":2,"featured_media":0,"comment_status":"closed","ping_status":"closed","sticky":false,"template":"","format":"standard","meta":{"footnotes":""},"categories":[56],"tags":[],"class_list":["post-3807","post","type-post","status-publish","format-standard","hentry","category-societats-musicals"],"_links":{"self":[{"href":"https:\/\/fsmcv.org\/vl\/wp-json\/wp\/v2\/posts\/3807","targetHints":{"allow":["GET"]}}],"collection":[{"href":"https:\/\/fsmcv.org\/vl\/wp-json\/wp\/v2\/posts"}],"about":[{"href":"https:\/\/fsmcv.org\/vl\/wp-json\/wp\/v2\/types\/post"}],"author":[{"embeddable":true,"href":"https:\/\/fsmcv.org\/vl\/wp-json\/wp\/v2\/users\/2"}],"replies":[{"embeddable":true,"href":"https:\/\/fsmcv.org\/vl\/wp-json\/wp\/v2\/comments?post=3807"}],"version-history":[{"count":0,"href":"https:\/\/fsmcv.org\/vl\/wp-json\/wp\/v2\/posts\/3807\/revisions"}],"wp:attachment":[{"href":"https:\/\/fsmcv.org\/vl\/wp-json\/wp\/v2\/media?parent=3807"}],"wp:term":[{"taxonomy":"category","embeddable":true,"href":"https:\/\/fsmcv.org\/vl\/wp-json\/wp\/v2\/categories?post=3807"},{"taxonomy":"post_tag","embeddable":true,"href":"https:\/\/fsmcv.org\/vl\/wp-json\/wp\/v2\/tags?post=3807"}],"curies":[{"name":"wp","href":"https:\/\/api.w.org\/{rel}","templated":true}]}}