{"id":3822,"date":"2017-03-02T09:49:31","date_gmt":"2017-03-02T08:49:31","guid":{"rendered":"http:\/\/fsmcv.org\/?post_type=fsmcv-noticias&#038;p=3822"},"modified":"2021-04-08T18:20:15","modified_gmt":"2021-04-08T16:20:15","slug":"el-programa-del-concierto-del-dia-de-la-mujer-homenajea-las-mujeres-compositoras-valencianas-y-las-mujeres-que-han-hecho-historia","status":"publish","type":"post","link":"https:\/\/fsmcv.org\/vl\/banda-sinfonica-de-dones\/el-programa-del-concierto-del-dia-de-la-mujer-homenajea-las-mujeres-compositoras-valencianas-y-las-mujeres-que-han-hecho-historia\/","title":{"rendered":"El programa del Concert del Dia de la Dona homenatja a les dones compositores valencianes i a les dones que han fet hist\u00f2ria"},"content":{"rendered":"<p>S&#8217;apropa el Dia Internacional de la Dona, i el Concert del 8 de mar\u00e7 que la Banda de Dones est\u00e0 preparant des del dia 25 de febrer, data en qu\u00e8 van comen\u00e7ar els assajos per tal que el repertori que s&#8217;interpretar\u00e0 a l&#8217;Auditori del Palau de Congressos de Castell\u00f3 sone perfecte este diumenge.<\/p>\n<p>La jove directora Lid\u00f3n Valer Cabaleiro ser\u00e0 l&#8217;encarregada de dirigir a les 70 dones m\u00fasics que han estat seleccionades per formar part d&#8217;aquesta agrupaci\u00f3 creada exclusivament per a la ocasi\u00f3, i que posaran la m\u00fasica a la reivindicaci\u00f3 de la import\u00e0ncia de les dones en la hist\u00f2ria de la m\u00fasica i les seues composicions, moltes voltes menyspreades i oblidades pel sol fet d&#8217;haver estat compostes per dones.<\/p>\n<p>Per aquest motiu, el programa del Concert del Dia de la Dona inclou una primera part on escoltarem obres compostes per dones valencianes, com la &#8220;Marxa del Rei Rabut&#8221; de Matilde Salvador, &#8220;Foundations&#8221; d&#8217;Amparo Edo i &#8220;Stonage&#8221; de Sara Galiana.<\/p>\n<p>La segona part pret\u00e9n retre homenatge a les dones que han fet hist\u00f2ria, amb obres com &#8220;A movement for Rose&#8221; de Mark Camphouse, &#8220;The Story of Anne Frank&#8221; d&#8217;Otto Schwartz i amb Irene Vilanova Dom\u00ednguez com a violinista solista, i &#8220;Earthdance&#8221; de Michael Sweeney que comptar\u00e0 amb la participaci\u00f3 de les alumnes de l&#8217;Escola de M\u00fasica Alqueries.<\/p>\n<h3>Programa del\u00a0Concert<\/h3>\n<p><strong>1\u00aa Part.\u00a0Dones compositores valencianes<\/strong><\/p>\n<p>Marxa del Rei Barbut (Matilde Salvador, 1918-2007).<\/p>\n<p>Foundations (Amparo Edo, 1988). Tuba solista: Sandra Garc\u00eda Contell.<\/p>\n<p>Stonage (Sara Galiana, 1989).<\/p>\n<p><strong>2\u00aa Part.\u00a0Dones que han fet hist\u00f2ria<\/strong><\/p>\n<p>A Movement for Rose (Mark Camphouse, 1954).<\/p>\n<p>The story of Anne Frank (Otto Schwarz, 1967). Viol\u00ed solista: Irene Vilanova\u00a0Dom\u00ednguez.<\/p>\n<p>Earthdance (Michael Sweeney, 1952).\u00a0Amb la participaci\u00f3 de les alumnes de l&#8217;Escola de M\u00fasica Alqueries.<\/p>\n<p><em><strong>Directora: Lid\u00f3n Valer Cabaleiro.<\/strong><\/em><\/p>\n<p>&nbsp;<\/p>\n<h3>Lid\u00f3n Valer Cabaleiro<\/h3>\n<p>Estudis: T\u00edtol Professional de Piano, T\u00edtol Superior de Percussi\u00f3, Diplomatura de Mestra en Educaci\u00f3 Infantil i Llengua Catalana, Curs Superior de Gesti\u00f3 de Societats Musicals.<\/p>\n<p>En 2002-2003 va comen\u00e7ar la seua formaci\u00f3 en Direcci\u00f3 d&#8217;Orquesta a la ESMUC (Barcelona), junt amb Salvador Brotons, i va continuar en la especialitat de Cor amb Mireia Barrera.<\/p>\n<p>Tamb\u00e9 ha realitzat estudis de Direcci\u00f3 de Banda amb Jan Cober a l&#8217;ISEB (Trento) i Masterclass amb grans mestres com J.R. Pascual Vilaplana, Miquel Rodrigo, Eugene Corporon, Franco Cesarini, Alex Schillings, Douglas Bostock, E. Garc\u00eda Asensio, Thomas Doss o Tony Scholl, entre d&#8217;altres.<\/p>\n<p>Ha sigut directora titular del Cor &#8220;Verge de l&#8217;Avell\u00e0&#8221;.<\/p>\n<p>Com a directora titular de la Uni\u00f3 Musical Catinenca, ha rebut el Premi Euterpe al Desenvolupament i Innovaci\u00f3 Band\u00edstica (2004), 1er Premi i Menci\u00f3 d&#8217;Honor al Certamen Provincial de Bandes de Castell\u00f3 i 1er Premi al Certamen Auton\u00f2mic de Bandes de la Comunitat Valenciana (2008).<\/p>\n<p>Ha sigut la directora de la Banda Infantil i Jove d&#8217;Almassora (2009-2013).<\/p>\n<p>En 2015 fou la directora de la Banda Jove &#8220;Las Provincias&#8221;, formada per 150 xiquets i xiquetes de la Comunitat Valenciana.<\/p>\n<p>Actualment, \u00e9s membre per oposici\u00f3 del cos de mestres de m\u00fasica de la Generalitat Valenciana, i directora titular de la Banda Jove i Simf\u00f2nica de la Uni\u00f3 Musical Alqueriense, amb la qual ha rebut diversos guardons (2n Premi del Certamen Provincial 2006, 1er Premi al Concorso Internacional Bandistico de la Vall d&#8217;Aoste, Premi a la millor directora al mateix concurs, 1er Premi al Certamen Internacional de Bandes de la Senia 2010, 1er Premi i Menci\u00f3 d&#8217;Honor al Certamen Provincial de Castell\u00f3 2013 i 1er Premi i Menci\u00f3 d&#8217;Honor al Certamen Auton\u00f2mic de Bandes a la tercera secci\u00f3).<\/p>\n<p>Tamb\u00e9, entre altres reconeixements, ha obtingut el 2n Premi al Concurs de Direcci\u00f3 de Sant Mateu, Beca Musical Fundaci\u00f3 D\u00e1valos-Fletcher i Premi &#8220;J\u00f3venes Valores&#8221; Radio Castell\u00f3n-Cadena SER.<\/p>\n<p>Al 2017, ha sigut nomenada directora de la Banda de Dones de la FSMCV, ser\u00e0 directora de la Cantata &#8220;La Conlloga de Tombatossals&#8221; i dirigir\u00e0 la Uni\u00f3 Musical Alqueriense dins del prestigi\u00f3s Certamen Internacional de Kerkrade (Holanda).<\/p>\n","protected":false},"excerpt":{"rendered":"<p>La directora Lid\u00f3n Valer Cabaleiro ser\u00e0 l&#8217;encarregada de dirigir la Banda de Dones de la FSMCV en la interpretaci\u00f3 d&#8217;un repertori que pret\u00e9n recon\u00e9ixer el valor i el treball de les dones compositores i de les que han fet hist\u00f2ria a la m\u00fasica.<\/p>\n","protected":false},"author":2,"featured_media":0,"comment_status":"closed","ping_status":"closed","sticky":false,"template":"","format":"standard","meta":{"footnotes":""},"categories":[42],"tags":[],"class_list":["post-3822","post","type-post","status-publish","format-standard","hentry","category-banda-sinfonica-de-dones"],"_links":{"self":[{"href":"https:\/\/fsmcv.org\/vl\/wp-json\/wp\/v2\/posts\/3822","targetHints":{"allow":["GET"]}}],"collection":[{"href":"https:\/\/fsmcv.org\/vl\/wp-json\/wp\/v2\/posts"}],"about":[{"href":"https:\/\/fsmcv.org\/vl\/wp-json\/wp\/v2\/types\/post"}],"author":[{"embeddable":true,"href":"https:\/\/fsmcv.org\/vl\/wp-json\/wp\/v2\/users\/2"}],"replies":[{"embeddable":true,"href":"https:\/\/fsmcv.org\/vl\/wp-json\/wp\/v2\/comments?post=3822"}],"version-history":[{"count":0,"href":"https:\/\/fsmcv.org\/vl\/wp-json\/wp\/v2\/posts\/3822\/revisions"}],"wp:attachment":[{"href":"https:\/\/fsmcv.org\/vl\/wp-json\/wp\/v2\/media?parent=3822"}],"wp:term":[{"taxonomy":"category","embeddable":true,"href":"https:\/\/fsmcv.org\/vl\/wp-json\/wp\/v2\/categories?post=3822"},{"taxonomy":"post_tag","embeddable":true,"href":"https:\/\/fsmcv.org\/vl\/wp-json\/wp\/v2\/tags?post=3822"}],"curies":[{"name":"wp","href":"https:\/\/api.w.org\/{rel}","templated":true}]}}