{"id":3832,"date":"2017-03-02T08:54:07","date_gmt":"2017-03-02T07:54:07","guid":{"rendered":"http:\/\/fsmcv.org\/?post_type=fsmcv-noticias&#038;p=3832"},"modified":"2021-04-08T18:27:16","modified_gmt":"2021-04-08T16:27:16","slug":"beatriz-fernandez-desde-los-10-12-anos-comence-sentir-algo-especial-hacia-la-direccion","status":"publish","type":"post","link":"https:\/\/fsmcv.org\/vl\/societats-musicals\/beatriz-fernandez-desde-los-10-12-anos-comence-sentir-algo-especial-hacia-la-direccion\/","title":{"rendered":"Beatriz Fern\u00e1ndez:  &#8220;Sobre els 10 o 12 anys, vaig comen\u00e7ar a sentir alguna cosa especial cap a la direcci\u00f3&#8221;"},"content":{"rendered":"<p>Beatriz Fern\u00e1ndez acaba de ser nomenada <a href=\"http:\/\/www.levante-emv.com\/cultura\/2017\/03\/04\/beatriz-fernandez-aucejo-sera-directora\/1536537.html\" target=\"_blank\" rel=\"noopener\">directora convidada de la Jove Orquestra de la Generalitat Valenciana<\/a>. Un nou gra\u00f3 per a una directora en continu creixement que recentment tamb\u00e9 ha sigut not\u00edcia per ser<a href=\"http:\/\/www.lasprovincias.es\/fallas-valencia\/201702\/21\/beatriz-fernandez-dirigira-fallero-20170220232256-v.html\" target=\"_blank\" rel=\"noopener\"> la primera dona a dirigir el pasdoble El Faller, del mestre Serrano, durant l&#8217;Entrada de Bandes de M\u00fasica de Val\u00e8ncia<\/a> de les Falles 2017,<\/p>\n<p>Natural de Paiporta, Beatriz Fern\u00e1ndez Aucejo es va llicenciar en clarinet pel Conservatori de Val\u00e8ncia, en direcci\u00f3 d&#8217;orquestra de vent per la London Royal School of Music (LRSM) i en direcci\u00f3 d&#8217;orquestra pel Conservatori de M\u00farcia. Tamb\u00e9 \u00e9s diplomada en magisteri musical per la Universitat de Val\u00e8ncia i titulada professional de piano pel Conservatori de Torrent.<\/p>\n<p>Actualment, \u00e9s directora titular de la banda de la Lira Castellonera de Vilanova de Castell\u00f3, de l&#8217;Orquestra Ateneu Musical del Port i de la Jove Orquestra de la Uni\u00f3 Musical de Ll\u00edria. Tamb\u00e9 \u00e9s, des de finals de desembre de 2016 sotsdirectora de la Banda Municipal de Barcelona.<\/p>\n<p>Va ser tamb\u00e9 la primera directora de la Jove Banda Simf\u00f2nica de la FSMCV en 2015 i va dirigir la primera banda simf\u00f2nica de dones de M\u00e8xic.<\/p>\n<p><strong>Des de quina edat vas sentir atracci\u00f3 per la direcci\u00f3?<\/strong><\/p>\n<p>Jo vaig comen\u00e7ar a estudiar m\u00fasica en la Banda de Paiporta amb l&#8217;instrument de clarinet, despr\u00e9s vaig passar al Conservatori Professional de M\u00fasica de Torrent i, sobre els 10 o 12 anys, vaig comen\u00e7ar a sentir alguna cosa especial cap a la direcci\u00f3 i el tema de les partitures.<\/p>\n<p>Record que quan estava en el Conservatori, va haver-hi una assignatura optativa d&#8217;an\u00e0lisi musical que impartien els professors Javier Torres i Vicente Galvis en la qual ens van donar a con\u00e8ixer la Simfonia n\u00ba1 de Beethoven. Ens van repartir part de la partitura per a analitzar. I en aqueix punt va ser m\u00e9s profunda la meua atracci\u00f3 cap a la direcci\u00f3, cap a aqueix tipus d&#8217;an\u00e0lisi, cap a introduir-me en un \u00e0mbit que no solament \u00e9s una l\u00ednia mel\u00f2dica, com podia ser el clarinet, sin\u00f3 que ja tenia moltes m\u00e9s parts mel\u00f2diques, contrapunt, instrumentacions, etc.<\/p>\n<p><strong>Qui han sigut els referents que t&#8217;han inspirat?<\/strong><\/p>\n<p>Els meus primers referents van ser directors valencians com Crist\u00f3bal Soler o Ferrer Ferran amb els quals vaig fer cursos quan tenia uns 15 anys i comen\u00e7ava amb els estudis de direcci\u00f3.<\/p>\n<p>Qui d&#8217;alguna manera m&#8217;ha va fer veure la direcci\u00f3 des d&#8217;un punt de vista totalment diferent fins al moment va ser Carlos Kleiber. \u00c9s un dels directors m\u00e9s prestigiosos a nivell internacional que hi ha hagut en la hist\u00f2ria. Encara que ens va deixar fa uns anys, segueix sent una inspiraci\u00f3 per a mi, arribar on ell va arribar i fixar-me en tota la part t\u00e8cnica i art\u00edstica que ell ha demostrat. A m\u00e9s, destacaria Claudio Abbado o Mariss Jansons, directors famosos per la seua gran traject\u00f2ria musical que han dirigit grans orquestres i han obtingut un resultat art\u00edstic molt brillant<\/p>\n<p><strong>Com et vas sentir la primera vegada que vas exercir com a directora?<\/strong><\/p>\n<p>Quan vaig comen\u00e7ar, estava estudiant direcci\u00f3 d&#8217;orquestra i ho compaginava amb els assajos com a directora d&#8217;una agrupaci\u00f3 amateur. En aqueix moment nom\u00e9s em preocupava la part t\u00e8cnica, aplicar el que aprenia en classe i els consells que em donaven els professors.<\/p>\n<p>Amb el pas del temps, madures en tots els aspectes musicals, els moviments, la part t\u00e8cnica, la partitura, i ja et permets d&#8217;alguna manera pensar en la part emocional, en realment qu\u00e8 \u00e9s el que se sent. Avui\u00a0dia el que sent \u00e9s gratitud per veure com els passos que done cada dia es tradueixen en notes i en emoci\u00f3 que intente transmetre a la meua gent, als meus m\u00fasics i a la meua agrupaci\u00f3.<\/p>\n<p><iframe src=\"https:\/\/www.youtube.com\/embed\/i8xb1dg4RQI\" width=\"560\" height=\"315\" frameborder=\"0\" allowfullscreen=\"allowfullscreen\"><\/iframe><\/p>\n<p><strong>Encara hi ha poques dones directores d&#8217;orquestra i tu ho eres tamb\u00e9 de bandes de m\u00fasica, qu\u00e8 destacaries en aqueix recorregut?<\/strong><\/p>\n<p>Encara que tal vegada hi haja menys dones per la falta de refer\u00e8ncia i estiguem encara una mica ancorats en el passat hist\u00f2ric, s\u00ed que \u00e9s cert que al llarg del cam\u00ed, des que vaig comen\u00e7ar, l&#8217;\u00fanica cosa que ha destacat en mi \u00e9s les ganes de seguir avant, aprendre, d&#8217;aconseguir el somni que un es planifica i de fer realment el que m&#8217;agrada.<\/p>\n<p>El cam\u00ed, evidentment, no \u00e9s f\u00e0cil. Com en totes les carreres o professions hi ha dies satisfactoris i uns altres que no ho s\u00f3n tant, per\u00f2 sempre cal remuntar i seguir cercant el nostre somni que, en el meu cas, \u00e9s el poder dedicar-me professionalment a la direcci\u00f3\u00a0d&#8217;orquestra, dirigir agrupacions professionals i poder gaudir de la transmissi\u00f3 de sensacions i so.<\/p>\n<p><strong>T&#8217;has trobat amb algun tipus de trava en l&#8217;\u00e0mbit musical pel \u00a0fet de ser dona?<\/strong><\/p>\n<p>\u00c9s probable que haja ocorregut algun tipus de problema o algun tipus de reflexi\u00f3, per\u00f2 jo no he sigut conscient d&#8217;a\u00e7\u00f2. Mai he viscut un enfrontament directe.<\/p>\n<p><strong>En la teua opini\u00f3, quins canvis han de donar-se perqu\u00e8 hi haja major pres\u00e8ncia de les dones en les societats musicals i en la direcci\u00f3?<\/strong><\/p>\n<p>Cal abordar canvis des del punt de vista educatiu. Els formadors que ho fan des de l&#8217;especialitat directa, com \u00e9s la m\u00fasica en conservatoris, des d&#8217;instituts o b\u00e9 des de prim\u00e0ria, \u00e9s important que tinguen informaci\u00f3 de compositores i directores actuals i del passat. No es parla sobre elles per desconeixement moltes vegades. Tots coneixem a Mozart, Beethoven, per\u00f2 pocs coneixem a una Fanny Mendelssohn, que \u00e9s germana de Felix Mendelssohn, o Anada Gotkovsky, que \u00e9s una compositora francesa que ha escrit molt per a orquestra i per a banda.<\/p>\n<p>Tot a\u00e7\u00f2 \u00e9s dedicaci\u00f3 i, sobretot, formaci\u00f3 per part de l&#8217;Administraci\u00f3 P\u00fablica al professorat perqu\u00e8 puga inserir a poc a poc tota aquesta nova informaci\u00f3 amb xicotets picades que es puguen barrejar dins del que \u00e9s el curr\u00edculum habitual, adaptant-ho perqu\u00e8 tot siga molt m\u00e9s normalitzat.<\/p>\n<p><strong>Com va ser la teua experi\u00e8ncia al capdavant de la Jove Banda Simf\u00f2nica de la FSMCV?<\/strong><\/p>\n<p>Va ser una experi\u00e8ncia extraordin\u00e0ria. Fins a aqueix moment, no havia tingut l&#8217;oportunitat d&#8217;estar com a directora al capdavant d&#8217;una agrupaci\u00f3 jove. Estar en contacte continu amb gent jove que t\u00e9 un gran inter\u00e8s per la m\u00fasica, que la mestressa, que destaquen no solament en les seues societats musicals sin\u00f3 en els seus estudis art\u00edstics en el conservatori, t&#8217;atrapa. Ten\u00edem un gran contacte i una gran relaci\u00f3 en els assajos perqu\u00e8 tant ells com jo vol\u00edem donar el m\u00e0xim perqu\u00e8 el concert f\u00f3ra realment brillant i poguera ser gaudit tant per ells com pel p\u00fablic. Va ser una experi\u00e8ncia de la qual vaig aprendre molt\u00edssim. Agra\u00efsc la confian\u00e7a que la FSMCV va dipositar en mi per a dur a terme aqueix projecte i, per descomptat, va animar a la Federaci\u00f3 al fet que seguisca amb aquest tipus de projectes tant per a la Jove Banda com para la seua Orquestra.<\/p>\n<p><strong>Quin consell li donaries a les noves generacions que vulguen iniciar-se en la direcci\u00f3?<\/strong><\/p>\n<p>Simplement, compartir el que jo intente pensar cada dia, que aconseguisquen els somnis que tenen programats en ells des de fa temps, que realitzen el que vulguen ser en un futur i tinguen ganes d&#8217;avan\u00e7ar. La perseveran\u00e7a \u00e9s molt important i la il\u00b7lusi\u00f3 tamb\u00e9. Encara que un dia clarege diferent a la resta, aqueix dia passar\u00e0 i el seg\u00fcent hem de tornar a al\u00e7ar-nos amb les mateixes o m\u00e9s ganes que el dia que decidim emprendre el cam\u00ed de la direcci\u00f3.<\/p>\n<p><strong>Enguany t&#8217;has convertit en la primera dona que ha dirigit l&#8217;Entrada de Bandes de les Falles, qu\u00e8 ha suposat per a tu?<\/strong><\/p>\n<p>Va ser una proposta que vaig acceptar immediatament i realment m&#8217;enorgulleix que Junta Central Fallera comptara amb la meua pres\u00e8ncia en aquest acte tan important per a Val\u00e8ncia i per a la nostra festa fallera.<\/p>\n<p>Va ser molt emotiu poder fer entrada de banda amb la banda que dirigisc habitualment, que \u00e9s la Lira Castellonera de Vilanova de Castell\u00f3, tenir el suport de tots els meus m\u00fasics i interpretar el Faller que \u00e9s una pe\u00e7a tan volguda i simb\u00f2lica per als fallers. M&#8217;enorgulleix i estic molt agra\u00efda per la confian\u00e7a dipositada en mi, donar-me l&#8217;oportunitat de gaudir d&#8217;aqueix moment i aportar el meu granit d&#8217;arena a un dia com aquest.<\/p>\n<p><strong>Quins s\u00f3n els teus projectes per a 2017?<\/strong><\/p>\n<p>El meu projecte \u00e9s seguir amb el meu desig de gaudir en la direcci\u00f3 d&#8217;agrupacions professionals tenint com a objectiu l&#8217;orquestra o les bandes professionals. El 8 de mar\u00e7 tinc un concert amb la Banda Simf\u00f2nica Municipal de Madrid a la qual he sigut convidada pel director titular, Rafa Sanz, amb motiu del Dia de la Dona que es dur\u00e0 a terme en total per 4 directores. He sigut convidada a dirigir la Banda Municipal de Santiago de Compostel\u00b7la, tamb\u00e9 una agrupaci\u00f3 professional. I, com no, continuar amb el projecte que em va sorprendre a la fi de 2016 que \u00e9s el nomenament com a sotsdirectora de la Banda Municipal de Barcelona, estar\u00e9 amb ells un any, farem concerts setmanals i suposa un gran repte.<\/p>\n<p><strong>Un somni per complir?<\/strong><\/p>\n<p>Poder estar i viure realment per a ser professional de la direcci\u00f3\u00a0d&#8217;orquestra \u00e9s el m\u00e0xim per a mi. Parle de direcci\u00f3 d&#8217;orquestra perqu\u00e8 el repertori orquestral \u00e9s el que he estudiat des de la carrera.<\/p>\n<p>El poder estar al capdavant d&#8217;una agrupaci\u00f3 professional, \u00e9s a dir, el poder estar i fer m\u00fasica en directe i parlar de m\u00fasica, d&#8217;aquesta emoci\u00f3 que comporten conjuntament les notes, els sons, amb els m\u00fasics i el poder viure professionalment d&#8217;a\u00e7\u00f2, \u00e9s el meu major somni. Que el meu dia a dia puga ser compartir amb gran m\u00fasics tota aquella literatura musical que han escrit grans compositors del passat i de l&#8217;actualitat.<\/p>\n","protected":false},"excerpt":{"rendered":"<p>Beatriz Fern\u00e1ndez, nomenada directora convidada de la Jove Orquestra de la Generalitat Valenciana, va ser la primera directora de la Banda Simf\u00f2nica de Dones de la FSMCV al 2015<\/p>\n","protected":false},"author":2,"featured_media":0,"comment_status":"closed","ping_status":"closed","sticky":false,"template":"","format":"standard","meta":{"footnotes":""},"categories":[56],"tags":[],"class_list":["post-3832","post","type-post","status-publish","format-standard","hentry","category-societats-musicals"],"_links":{"self":[{"href":"https:\/\/fsmcv.org\/vl\/wp-json\/wp\/v2\/posts\/3832","targetHints":{"allow":["GET"]}}],"collection":[{"href":"https:\/\/fsmcv.org\/vl\/wp-json\/wp\/v2\/posts"}],"about":[{"href":"https:\/\/fsmcv.org\/vl\/wp-json\/wp\/v2\/types\/post"}],"author":[{"embeddable":true,"href":"https:\/\/fsmcv.org\/vl\/wp-json\/wp\/v2\/users\/2"}],"replies":[{"embeddable":true,"href":"https:\/\/fsmcv.org\/vl\/wp-json\/wp\/v2\/comments?post=3832"}],"version-history":[{"count":0,"href":"https:\/\/fsmcv.org\/vl\/wp-json\/wp\/v2\/posts\/3832\/revisions"}],"wp:attachment":[{"href":"https:\/\/fsmcv.org\/vl\/wp-json\/wp\/v2\/media?parent=3832"}],"wp:term":[{"taxonomy":"category","embeddable":true,"href":"https:\/\/fsmcv.org\/vl\/wp-json\/wp\/v2\/categories?post=3832"},{"taxonomy":"post_tag","embeddable":true,"href":"https:\/\/fsmcv.org\/vl\/wp-json\/wp\/v2\/tags?post=3832"}],"curies":[{"name":"wp","href":"https:\/\/api.w.org\/{rel}","templated":true}]}}