{"id":3884,"date":"2017-03-09T10:59:00","date_gmt":"2017-03-09T09:59:00","guid":{"rendered":"http:\/\/fsmcv.org\/?post_type=fsmcv-noticias&#038;p=3884"},"modified":"2021-04-08T18:18:19","modified_gmt":"2021-04-08T16:18:19","slug":"la-sociedad-musical-ciudad-de-torrevieja-los-salerosos-en-el-concierto-de-marchas-procesionales","status":"publish","type":"post","link":"https:\/\/fsmcv.org\/vl\/societats-musicals\/la-sociedad-musical-ciudad-de-torrevieja-los-salerosos-en-el-concierto-de-marchas-procesionales\/","title":{"rendered":"La Sociedad Musical Ciudad de Torrevieja &#8220;Los Salerosos&#8221; al Concert de marxes processionals"},"content":{"rendered":"<p>La Societat Musical Ciudad de Torrevieja &#8220;Los Salerosos&#8221; celebra el pr\u00f2xim diumenge 19 de mar\u00e7, coincidint amb la festivitat de Sant Josep, el Concert de Marxes Processionals dins del programa d&#8217;hivern de l&#8217;Institut Municipal de Cultura.<\/p>\n<p>El concert es celebrar\u00e0 el diumenge 19 de mar\u00e7 a les 12 hores al Centre Cultural Virgen del Carmen de Torrevieja. L&#8217;entrada \u00e9s gratu\u00efta i lliure fins a completar l&#8217;aforament.<\/p>\n","protected":false},"excerpt":{"rendered":"<p>El concert es celebrar\u00e0 el dia 19 de mar\u00e7 a les 12 hores al Centre Cultural Virgen del Carmen de Torrevieja, dins de la programaci\u00f3 d&#8217;hivern de l&#8217;Institut Municipal de Cultura<\/p>\n","protected":false},"author":2,"featured_media":0,"comment_status":"closed","ping_status":"closed","sticky":false,"template":"","format":"standard","meta":{"footnotes":""},"categories":[56],"tags":[],"class_list":["post-3884","post","type-post","status-publish","format-standard","hentry","category-societats-musicals"],"_links":{"self":[{"href":"https:\/\/fsmcv.org\/vl\/wp-json\/wp\/v2\/posts\/3884","targetHints":{"allow":["GET"]}}],"collection":[{"href":"https:\/\/fsmcv.org\/vl\/wp-json\/wp\/v2\/posts"}],"about":[{"href":"https:\/\/fsmcv.org\/vl\/wp-json\/wp\/v2\/types\/post"}],"author":[{"embeddable":true,"href":"https:\/\/fsmcv.org\/vl\/wp-json\/wp\/v2\/users\/2"}],"replies":[{"embeddable":true,"href":"https:\/\/fsmcv.org\/vl\/wp-json\/wp\/v2\/comments?post=3884"}],"version-history":[{"count":0,"href":"https:\/\/fsmcv.org\/vl\/wp-json\/wp\/v2\/posts\/3884\/revisions"}],"wp:attachment":[{"href":"https:\/\/fsmcv.org\/vl\/wp-json\/wp\/v2\/media?parent=3884"}],"wp:term":[{"taxonomy":"category","embeddable":true,"href":"https:\/\/fsmcv.org\/vl\/wp-json\/wp\/v2\/categories?post=3884"},{"taxonomy":"post_tag","embeddable":true,"href":"https:\/\/fsmcv.org\/vl\/wp-json\/wp\/v2\/tags?post=3884"}],"curies":[{"name":"wp","href":"https:\/\/api.w.org\/{rel}","templated":true}]}}