{"id":3887,"date":"2017-03-09T11:46:12","date_gmt":"2017-03-09T10:46:12","guid":{"rendered":"http:\/\/fsmcv.org\/?post_type=fsmcv-noticias&#038;p=3887"},"modified":"2021-04-08T18:17:58","modified_gmt":"2021-04-08T16:17:58","slug":"la-sm-cium-de-genoves-celebra-el-125-aniversari-de-lescola-de-musica-de-sabadell-amb-un-intercanvi-musical","status":"publish","type":"post","link":"https:\/\/fsmcv.org\/vl\/societats-musicals\/la-sm-cium-de-genoves-celebra-el-125-aniversari-de-lescola-de-musica-de-sabadell-amb-un-intercanvi-musical\/","title":{"rendered":"La SM CIUM de Genov\u00e9s celebra el 125 aniversari de l&#8217;Escola de M\u00fasica de Sabadell amb un intercanvi musical"},"content":{"rendered":"<p>La Societat Musical <span class=\"m_-8463768558372550538gmail-m_-6980319450292642078gmail-hiddenSpellError\">CIUM<\/span> de Genov\u00e9s va arribar a un acord el passat estiu per col\u00b7laborar en la celebraci\u00f3 del 125 aniversari de l&#8217;Escola de M\u00fasica i Conservatori Professional de Sabadell. El pr\u00f2xim cap de setmana cristal\u00b7litzar\u00e0 la primera part de l&#8217;intercanvi musical i cultural amb la visita de la banda del conservatori de la comarca del <span class=\"m_-8463768558372550538gmail-m_-6980319450292642078gmail-hiddenGrammarError\">Vall\u00e9s<\/span> Occidental a la poblaci\u00f3 de La Costera.<\/p>\n<p>Ser\u00e0 un cap de setmana molt intens reblit d&#8217;assajos per\u00f2 on hi haur\u00e0 lloc tamb\u00e9 per a l&#8217;intercanvi cultural. La <span class=\"m_-8463768558372550538gmail-m_-6980319450292642078gmail-hiddenSpellError\">CIUM<\/span> els ha preparat una visita guiada al nucli antic i al Castell de X\u00e0tiva per al dissabte al mat\u00ed, a la vesprada podran veure una entrada de moros i cristians aprofitant que a Genov\u00e9s se celebra el mig any d&#8217;aquesta festivitat. Diumenge a la vesprada visitaran el museu de la pilota i podran veure una exhibici\u00f3 del nostre esport nacional a c\u00e0rrec dels joves pilotaris de la banda de la CIUM.<\/p>\n<p>En l&#8217;aspecte musical se celebrar\u00e0 un concert diumenge a les 12:<span class=\"m_-8463768558372550538gmail-m_-6980319450292642078gmail-hiddenGrammarError\">30h<\/span> a l&#8217;Auditori Municipal de Genov\u00e9s. En la primera part actuar\u00e0 un ensemble de metalls format per m\u00fasics de les dues agrupacions i que estar\u00e0 dirigit per David Bonet, trompista de l&#8217;<span class=\"m_-8463768558372550538gmail-m_-6980319450292642078gmail-hiddenSpellError\">OBC<\/span> i professor de l&#8217;<span class=\"m_-8463768558372550538gmail-m_-6980319450292642078gmail-hiddenSpellError\">ESMUC<\/span>. La segona part ser\u00e0 per a la banda: en primer lloc actuar\u00e0 la banda del conservatori de Sabadell sota la direcci\u00f3 del professor de l&#8217;assignatura David <span class=\"m_-8463768558372550538gmail-m_-6980319450292642078gmail-hiddenSpellError\">Magran\u00e9<\/span>, seguidament ser\u00e0 el torn de la banda simf\u00f2nica de <span class=\"m_-8463768558372550538gmail-m_-6980319450292642078gmail-hiddenSpellError\">CIUM<\/span> de Genov\u00e9s qui estar\u00e0 dirigida pel seu titular <span class=\"m_-8463768558372550538gmail-m_-6980319450292642078gmail-hiddenSpellError\">Juanjo<\/span> Gallego. El concert acabar\u00e0 amb la interpretaci\u00f3 d&#8217;una pe\u00e7a a c\u00e0rrec de les dues agrupacions i l&#8217;encarregat de la direcci\u00f3 ser\u00e0 de nou David <span class=\"m_-8463768558372550538gmail-m_-6980319450292642078gmail-hiddenSpellError\">Magran\u00e9<\/span>.<\/p>\n","protected":false},"excerpt":{"rendered":"<p>L&#8217;intercanvi cultural i musical s&#8217;organitza dins de l&#8217;acord a qu\u00e8 van arribar el passat estiu la societat musical CIUM de Genov\u00e9s i el Conservatori de Sabadell, per celebrar els 125 anys d&#8217;aquest. <\/p>\n","protected":false},"author":2,"featured_media":0,"comment_status":"closed","ping_status":"closed","sticky":false,"template":"","format":"standard","meta":{"footnotes":""},"categories":[56],"tags":[],"class_list":["post-3887","post","type-post","status-publish","format-standard","hentry","category-societats-musicals"],"_links":{"self":[{"href":"https:\/\/fsmcv.org\/vl\/wp-json\/wp\/v2\/posts\/3887","targetHints":{"allow":["GET"]}}],"collection":[{"href":"https:\/\/fsmcv.org\/vl\/wp-json\/wp\/v2\/posts"}],"about":[{"href":"https:\/\/fsmcv.org\/vl\/wp-json\/wp\/v2\/types\/post"}],"author":[{"embeddable":true,"href":"https:\/\/fsmcv.org\/vl\/wp-json\/wp\/v2\/users\/2"}],"replies":[{"embeddable":true,"href":"https:\/\/fsmcv.org\/vl\/wp-json\/wp\/v2\/comments?post=3887"}],"version-history":[{"count":0,"href":"https:\/\/fsmcv.org\/vl\/wp-json\/wp\/v2\/posts\/3887\/revisions"}],"wp:attachment":[{"href":"https:\/\/fsmcv.org\/vl\/wp-json\/wp\/v2\/media?parent=3887"}],"wp:term":[{"taxonomy":"category","embeddable":true,"href":"https:\/\/fsmcv.org\/vl\/wp-json\/wp\/v2\/categories?post=3887"},{"taxonomy":"post_tag","embeddable":true,"href":"https:\/\/fsmcv.org\/vl\/wp-json\/wp\/v2\/tags?post=3887"}],"curies":[{"name":"wp","href":"https:\/\/api.w.org\/{rel}","templated":true}]}}