{"id":38879,"date":"2021-07-09T04:33:00","date_gmt":"2021-07-09T02:33:00","guid":{"rendered":"https:\/\/fsmcv.org\/caixabank-i-la-fsmcv-convoquen-la-huitena-edicio-de-beques-per-a-lalumnat-descoles-de-musica-amb-una-dotacio-de-300-000-euros\/"},"modified":"2021-07-15T17:44:24","modified_gmt":"2021-07-15T15:44:24","slug":"caixabank-i-la-fsmcv-convoquen-la-huitena-edicio-de-beques-per-a-lalumnat-descoles-de-musica-amb-una-dotacio-de-300-000-euros","status":"publish","type":"post","link":"https:\/\/fsmcv.org\/vl\/area-educativa-vl-2\/beques-caixabank\/caixabank-i-la-fsmcv-convoquen-la-huitena-edicio-de-beques-per-a-lalumnat-descoles-de-musica-amb-una-dotacio-de-300-000-euros\/","title":{"rendered":"CaixaBank i la FSMCV convoquen la huitena edici\u00f3 de beques per a l\u2019alumnat d\u2019escoles de m\u00fasica amb una dotaci\u00f3 de 300.000 euros."},"content":{"rendered":"\n<p>CaixaBank, l\u2019Institut Valenci\u00e0 de Cultura (IVC) i la Federaci\u00f3 de Societats Musicals de la Comunitat Valenciana (FSMCV) han convocat la huitena edici\u00f3 de beques dirigides a l\u2019alumnat dels centres educatius de les societats musicals de la Comunitat Valenciana, que per al curs 2021-2022 compta amb una dotaci\u00f3 econ\u00f2mica de 300.000 euros.<\/p>\n\n<p>Aquesta convocat\u00f2ria \u00e9s una de les l\u00ednies del projecte \u2019CaixaBank escolta Val\u00e8ncia\u2019 i t\u00e9 com a finalitat fomentar entre els m\u00e9s xicotets l\u2019estudi de la m\u00fasica i incentivar a tot l\u2019alumnat a seguir els seus estudis musicals amb independ\u00e8ncia de la seua condici\u00f3 econ\u00f2mica. El termini d\u2019inscripci\u00f3 per a aquesta huitena convocat\u00f2ria estar\u00e0 obert fins al pr\u00f2xim 24 de setembre.<\/p>\n\n<p>Des de la seua posada en marxa en el curs acad\u00e8mic 2014-2015, s\u2019han beneficiat m\u00e9s de 5.800 alumnes, amb una inversi\u00f3 total de 2.432.000 euros. En concret, en la passada edici\u00f3 2020-2021 van ser becats un total de 710 estudiants procedents de 181 societats musicals de tota la Comunitat Valenciana.<\/p>\n\n<p>\u201cDes de la FSMCV considerem aquesta l\u00ednia de beques com un dels projectes de major import\u00e0ncia i, alhora, un dels m\u00e9s necessaris, especialment en aquests moments tan complicats per a les nostres escoles de m\u00fasica i les fam\u00edlies dels nostres alumnes a conseq\u00fc\u00e8ncia de la crisi\u201d, ha subratllat Daniela Gonz\u00e1lez, presidenta de la FSMCV.<\/p>\n\n<p>\u201cPer aix\u00f2, aquestes beques s\u00f3n ara m\u00e9s importants que mai, per a continuar fomentant l\u2019acc\u00e9s a la formaci\u00f3 musical dels m\u00e9s joves, que s\u00f3n la pedrera i el futur de les nostres societats musicals\u201d, ha afirmat Gonz\u00e1lez.<\/p>\n\n<p>Per al director territorial de CaixaBank en la Comunitat Valenciana, Xicu Costa, \u201camb la posada en marxa de la huitena convocat\u00f2ria de beques es posa de manifest, una vegada m\u00e9s, el nostre comprom\u00eds amb un col\u00b7lectiu que ens representa com a valencians, que vertebra la nostra Comunitat i que tant aporta a la nostra cultura i tradicions\u201d. Aix\u00ed mateix ha afegit que \u201cun any m\u00e9s volem fer costat econ\u00f2micament a les fam\u00edlies i als alumnes i alumnes de les escoles de m\u00fasica perqu\u00e8 puguen continuar formant-se\u201d.<\/p>\n\n<p>\u201cLa convocat\u00f2ria d\u2019aquestes beques \u00e9s el projecte m\u00e9s transversal dins de CaixaBank Escolta Val\u00e8ncia, ja que arriba a tots els racons del nostre territori i afavoreix la continu\u00eftat de la formaci\u00f3 musical dels m\u00fasics i m\u00fasiques del futur. A les escoles de m\u00fasica de hui es troben els professionals de dem\u00e0 i volem ajudar-los en el seu cam\u00ed\u201d, ha afirmat Marga Landete, directora adjunta de M\u00fasica i Cultura Popular Valenciana de l\u2019Institut Val\u00e8ncia de Cultura.<\/p>\n\n<figure class=\"wp-block-image size-large\"><img fetchpriority=\"high\" decoding=\"async\" width=\"900\" height=\"600\" src=\"https:\/\/fsmcv.org\/wp-content\/uploads\/2021\/07\/CaixaBank-y-la-FSMCV-convocan-la-octava-edicion-de-becas-para-el-alumnado-de-escuelas-de-musica-21.jpeg\" alt=\"Beques CaixaBank Escoles de m&#xFA;sica\" class=\"wp-image-38873\" title=\"\" srcset=\"https:\/\/fsmcv.org\/wp-content\/uploads\/2021\/07\/CaixaBank-y-la-FSMCV-convocan-la-octava-edicion-de-becas-para-el-alumnado-de-escuelas-de-musica-21.jpeg 900w, https:\/\/fsmcv.org\/wp-content\/uploads\/2021\/07\/CaixaBank-y-la-FSMCV-convocan-la-octava-edicion-de-becas-para-el-alumnado-de-escuelas-de-musica-21-768x512.jpeg 768w, https:\/\/fsmcv.org\/wp-content\/uploads\/2021\/07\/CaixaBank-y-la-FSMCV-convocan-la-octava-edicion-de-becas-para-el-alumnado-de-escuelas-de-musica-21-391x260.jpeg 391w, https:\/\/fsmcv.org\/wp-content\/uploads\/2021\/07\/CaixaBank-y-la-FSMCV-convocan-la-octava-edicion-de-becas-para-el-alumnado-de-escuelas-de-musica-21-600x400.jpeg 600w\" sizes=\"(max-width: 900px) 100vw, 900px\" \/><\/figure>\n<p><strong>Barems de selecci\u00f3<\/strong><\/p>\n\n<p>Poden optar a aquesta convocat\u00f2ria de beques tot l\u2019alumnat dels centres educatius de societats musicals pertanyents a la FSMCV matriculat per al curs 2021-2022. Com \u00e9s habitual, per als criteris de selecci\u00f3 dels beneficiats s\u2019estableixen uns barems acad\u00e8mics, econ\u00f2mics i socials. Quant als criteris acad\u00e8mics, es valorar\u00e0 si l\u2019alumne s\u2019ha matriculat en m\u00e9s d\u2019un instrument, si hi ha m\u00e9s membres de la unitat familiar estudiant en el mateix centre i la valoraci\u00f3 realitzada per la pr\u00f2pia escola de m\u00fasica.<\/p>\n\n<p>En els r\u00e0tios econ\u00f2mics s\u2019ha disposat posar l\u2019atenci\u00f3 als ingressos rebuts en l\u2019\u00faltim exercici per part de la unitat familiar. A m\u00e9s, l\u2019alumne que dispose d\u2019un compte en CaixaBank incrementar\u00e0 la puntuaci\u00f3.<\/p>\n\n<p>Finalment, quant als aspectes socials, es tindran en compte circumst\u00e0ncies com si l\u2019alumne ha de despla\u00e7ar-se a una altra localitat per a assistir als seus estudis de m\u00fasica, si t\u00e9 alguna discapacitat o si pertany a una fam\u00edlia nombrosa o monoparental.<\/p>\n\n<p>La dotaci\u00f3 econ\u00f2mica d\u2019aquestes beques suposa per a cada alumne fins al 90% del total abonat per la matr\u00edcula i les assignatures de les quals estiga matriculat en el curs 2021\/2022, amb un l\u00edmit de 500 euros per persona i beca. Els interessats poden consultar les bases i realitzar la inscripci\u00f3 a trav\u00e9s de la web <a href=\"http:\/\/www.bankiaescoltavalencia.es\/\" target=\"_blank\" rel=\"noopener\">www.bankiaescoltavalencia.es.<\/a><\/p>\n\n<p>La resoluci\u00f3 provisional de les beques es publicar\u00e0 abans del 5 de novembre de 2021. Posteriorment, s\u2019obrir\u00e0 un per\u00edode de 10 dies h\u00e0bils per a al\u00b7legacions i el 26 de novembre, com a data l\u00edmit, es publicar\u00e0 la resoluci\u00f3 definitiva d\u2019alumnes seleccionats per a rebre les beques.<\/p>\n","protected":false},"excerpt":{"rendered":"<p>CaixaBank, l\u2019Institut Valenci\u00e0 de Cultura (IVC) i la Federaci\u00f3 de Societats Musicals de la Comunitat Valenciana (FSMCV) han convocat la huitena edici\u00f3 de beques dirigides a l\u2019alumnat dels centres educatius de les societats musicals de la Comunitat Valenciana, que per al curs 2021-2022 compta amb una dotaci\u00f3 econ\u00f2mica de 300.000 euros. Aquesta convocat\u00f2ria \u00e9s una [&hellip;]<\/p>\n","protected":false},"author":1,"featured_media":38875,"comment_status":"open","ping_status":"closed","sticky":false,"template":"","format":"standard","meta":{"footnotes":""},"categories":[184],"tags":[],"class_list":["post-38879","post","type-post","status-publish","format-standard","has-post-thumbnail","hentry","category-beques-caixabank"],"_links":{"self":[{"href":"https:\/\/fsmcv.org\/vl\/wp-json\/wp\/v2\/posts\/38879","targetHints":{"allow":["GET"]}}],"collection":[{"href":"https:\/\/fsmcv.org\/vl\/wp-json\/wp\/v2\/posts"}],"about":[{"href":"https:\/\/fsmcv.org\/vl\/wp-json\/wp\/v2\/types\/post"}],"author":[{"embeddable":true,"href":"https:\/\/fsmcv.org\/vl\/wp-json\/wp\/v2\/users\/1"}],"replies":[{"embeddable":true,"href":"https:\/\/fsmcv.org\/vl\/wp-json\/wp\/v2\/comments?post=38879"}],"version-history":[{"count":0,"href":"https:\/\/fsmcv.org\/vl\/wp-json\/wp\/v2\/posts\/38879\/revisions"}],"wp:featuredmedia":[{"embeddable":true,"href":"https:\/\/fsmcv.org\/vl\/wp-json\/wp\/v2\/media\/38875"}],"wp:attachment":[{"href":"https:\/\/fsmcv.org\/vl\/wp-json\/wp\/v2\/media?parent=38879"}],"wp:term":[{"taxonomy":"category","embeddable":true,"href":"https:\/\/fsmcv.org\/vl\/wp-json\/wp\/v2\/categories?post=38879"},{"taxonomy":"post_tag","embeddable":true,"href":"https:\/\/fsmcv.org\/vl\/wp-json\/wp\/v2\/tags?post=38879"}],"curies":[{"name":"wp","href":"https:\/\/api.w.org\/{rel}","templated":true}]}}