{"id":38889,"date":"2021-07-07T04:52:00","date_gmt":"2021-07-07T02:52:00","guid":{"rendered":"https:\/\/fsmcv.org\/caixabank-presenta-lalqueria-julia-convertida-en-la-casa-de-la-musica-de-valencia-i-seu-de-la-fsmcv\/"},"modified":"2021-07-14T10:27:19","modified_gmt":"2021-07-14T08:27:19","slug":"caixabank-presenta-lalqueria-julia-convertida-en-la-casa-de-la-musica-de-valencia-i-seu-de-la-fsmcv","status":"publish","type":"post","link":"https:\/\/fsmcv.org\/vl\/societats-musicals\/caixabank-presenta-lalqueria-julia-convertida-en-la-casa-de-la-musica-de-valencia-i-seu-de-la-fsmcv\/","title":{"rendered":"CaixaBank presenta l\u2019Alqueria Juli\u00e0, convertida en la \u2018Casa de la M\u00fasica\u2019 de Val\u00e8ncia i seu de la FSMCV"},"content":{"rendered":"\n<p>CaixaBank ha presentat aquest dimecres de manera oficial l\u2019Alqueria Juli\u00e0, convertida en la \u2018Casa de la M\u00fasica\u2019 de Val\u00e8ncia i seu de la Federaci\u00f3 de Societats Musicals de la Comunitat Valenciana (FSMCV) des d\u2019el mes d\u2019octubre passat.<\/p>\n\n<p>En l\u2019acte, retardat amb motiu de la pand\u00e8mia, han participat el director territorial de CaixaBank en la Comunitat Valenciana, Xicu Costa, i el president de la Generalitat Valenciana, Ximo Puig, acompanyats de la presidenta de la FSMCV, Daniela Gonz\u00e1lez. A m\u00e9s, tamb\u00e9 han sigut presents la delegada del Govern en la Comunitat Valenciana, Gloria Calero, i el president de la Diputaci\u00f3 de Val\u00e8ncia, Antoni Gaspar, entre altres autoritats.<\/p>\n\n<p>L\u2019entitat financera ha invertit 3,5 milions d\u2019euros en els treballs de rehabilitaci\u00f3, recuperaci\u00f3 i restauraci\u00f3 d\u2019un edifici emblem\u00e0tic per a la ciutat.<\/p>\n\n<figure class=\"wp-block-image size-large\"><img fetchpriority=\"high\" decoding=\"async\" width=\"900\" height=\"600\" src=\"https:\/\/fsmcv.org\/wp-content\/uploads\/2021\/07\/CaixaBank-presenta-la-Alqueria-Julia-Casa-de-la-Musica.jpeg\" alt=\"CaixaBank presenta l&#xB4;Alqueria Juli&#xE0;\" class=\"wp-image-38884\" title=\"\" srcset=\"https:\/\/fsmcv.org\/wp-content\/uploads\/2021\/07\/CaixaBank-presenta-la-Alqueria-Julia-Casa-de-la-Musica.jpeg 900w, https:\/\/fsmcv.org\/wp-content\/uploads\/2021\/07\/CaixaBank-presenta-la-Alqueria-Julia-Casa-de-la-Musica-768x512.jpeg 768w, https:\/\/fsmcv.org\/wp-content\/uploads\/2021\/07\/CaixaBank-presenta-la-Alqueria-Julia-Casa-de-la-Musica-391x260.jpeg 391w, https:\/\/fsmcv.org\/wp-content\/uploads\/2021\/07\/CaixaBank-presenta-la-Alqueria-Julia-Casa-de-la-Musica-600x400.jpeg 600w\" sizes=\"(max-width: 900px) 100vw, 900px\" \/><\/figure>\n<p>La Alqueria Juli\u00e0, que va albergar el Col\u00b7legi de Santa B\u00e0rbara fins als anys 90 del segle passat, est\u00e0 dotada de l\u2019equipament necessari per a convertir-se en un important centre musical de Val\u00e8ncia, en el qual es desenvolupar\u00e0 tamb\u00e9 una important activitat social i cultural.<\/p>\n\n<p>L\u2019immoble, cedit per CaixaBank a la FSMCV, est\u00e0 dotat d\u2019una sala d\u2019assajos amb capacitat per a unes 200 persones, biblioteca, videoteca, fonoteca, sala de partitures i diferents zones per a \u00fas cultural i espai expositiu d\u2019important valor arquitect\u00f2nic.<\/p>\n\n<p>La rehabilitaci\u00f3 de la Alqueria Juli\u00e0 s\u2019emmarca en la iniciativa \u2018CaixaBank Escolta Val\u00e8ncia\u2019, posada en marxa en 2014 i que, a m\u00e9s, contempla, entre altres iniciatives, una convocat\u00f2ria de beques per a estudiants de les escoles de m\u00fasica, el \u2018Concurs CaixaBank d\u2019Orquestres de la Comunitat Valenciana\u2019, la \u2018Convocat\u00f2ria d\u2019ajudes al sector musical valenci\u00e0\u2019 i el projecte de recuperaci\u00f3 de patrimoni \u2018M\u00fasica a la Llum\u2019.<\/p>\n\n<p>Durant l\u2019acte de presentaci\u00f3, el president de la Generalitat, Ximo Puig, ha manifestat que l\u2019Alqueria Juli\u00e0 ser\u00e0, a partir d\u2019ara, \u201cuna met\u00e0fora del nostre patrimoni musical\u201d i ha agra\u00eft a CaixaBank la seua aposta per la recuperaci\u00f3 d\u2019aquest edifici emblem\u00e0tic. El cap del Consell ha assegurat que en la Comunitat Valenciana \u201cla m\u00fasica forma part del nostre patrimoni i ens fa diferents i singulars com a poble\u201d, i ha destacat la import\u00e0ncia de les societats musicals valencianes com a espais de \u201cconviv\u00e8ncia, dinamitzaci\u00f3 i cohesi\u00f3 social, arrelades amb for\u00e7a en els municipis de la Comunitat\u201d. Finalment, el president ha realitzat un reconeixement a la Federaci\u00f3 de Societats Musicals i als m\u00fasics, tant professionals com an\u00f2nims, pel seu suport amb diferents iniciatives en els moments m\u00e9s complicats de la pand\u00e8mia.<\/p>\n\n<p>Per part seua, Xicu Costa, director territorial de CaixaBank en la Comunitat Valenciana, ha assenyalat que \u201cl\u2019Alqueria Juli\u00e0 convertida ja en \u2018Casa de la M\u00fasica\u2019 i la seu de la Federaci\u00f3 de Societats Musicals de la Comunitat Valenciana, \u00e9s, sens dubte, un projecte molt important per a CaixaBank perqu\u00e8 estem conven\u00e7uts que es convertir\u00e0 en un lloc de refer\u00e8ncia per a la formaci\u00f3, la cultura i l\u2019art\u201d. \u201cEstem molt orgullosos de secundar a trav\u00e9s del programa \u2018CaixaBank Escolta Val\u00e8ncia\u2019 tot aquest gran moviment musical que existeix en la nostra Comunitat que, no sols ens defineix hist\u00f2rica i culturalment com a poble, sin\u00f3 que ens converteix en un referent \u00fanic dins i fora del nostre pa\u00eds\u201d, ha afegit.<\/p>\n\n<p>La presidenta de la FSMCV, Daniela Gonz\u00e1lez, ha agra\u00eft a CaixaBank la cessi\u00f3 d\u2019aquest immoble, que suposa \u201cculminar una reivindicaci\u00f3 hist\u00f2rica per part de la Federaci\u00f3 i que, des d\u2019ara, es converteix en la \u2018Casa de la M\u00fasica\u2019 i de totes les societats musicals de la Comunitat Valenciana\u201d.<\/p>\n\n<p>\u201cEs tracta d\u2019un espai extraordinari, declarat B\u00e9 d\u2019Inter\u00e9s Cultural, que alberga un altre B\u00e9 d\u2019Inter\u00e9s Cultural com s\u00f3n les nostres societats musicals i que convertirem en un espai viu, on puguem desenvolupar l\u2019\u00e0mplia varietat d\u2019activitats culturals que giren entorn del nostre col\u00b7lectiu\u201d, ha apuntat Gonz\u00e1lez.<\/p>\n","protected":false},"excerpt":{"rendered":"<p>CaixaBank ha presentat aquest dimecres de manera oficial l\u2019Alqueria Juli\u00e0, convertida en la \u2018Casa de la M\u00fasica\u2019 de Val\u00e8ncia i seu de la Federaci\u00f3 de Societats Musicals de la Comunitat Valenciana (FSMCV) des d\u2019el mes d\u2019octubre passat. En l\u2019acte, retardat amb motiu de la pand\u00e8mia, han participat el director territorial de CaixaBank en la Comunitat [&hellip;]<\/p>\n","protected":false},"author":1,"featured_media":38884,"comment_status":"open","ping_status":"closed","sticky":false,"template":"","format":"standard","meta":{"footnotes":""},"categories":[56],"tags":[],"class_list":["post-38889","post","type-post","status-publish","format-standard","has-post-thumbnail","hentry","category-societats-musicals"],"_links":{"self":[{"href":"https:\/\/fsmcv.org\/vl\/wp-json\/wp\/v2\/posts\/38889","targetHints":{"allow":["GET"]}}],"collection":[{"href":"https:\/\/fsmcv.org\/vl\/wp-json\/wp\/v2\/posts"}],"about":[{"href":"https:\/\/fsmcv.org\/vl\/wp-json\/wp\/v2\/types\/post"}],"author":[{"embeddable":true,"href":"https:\/\/fsmcv.org\/vl\/wp-json\/wp\/v2\/users\/1"}],"replies":[{"embeddable":true,"href":"https:\/\/fsmcv.org\/vl\/wp-json\/wp\/v2\/comments?post=38889"}],"version-history":[{"count":0,"href":"https:\/\/fsmcv.org\/vl\/wp-json\/wp\/v2\/posts\/38889\/revisions"}],"wp:featuredmedia":[{"embeddable":true,"href":"https:\/\/fsmcv.org\/vl\/wp-json\/wp\/v2\/media\/38884"}],"wp:attachment":[{"href":"https:\/\/fsmcv.org\/vl\/wp-json\/wp\/v2\/media?parent=38889"}],"wp:term":[{"taxonomy":"category","embeddable":true,"href":"https:\/\/fsmcv.org\/vl\/wp-json\/wp\/v2\/categories?post=38889"},{"taxonomy":"post_tag","embeddable":true,"href":"https:\/\/fsmcv.org\/vl\/wp-json\/wp\/v2\/tags?post=38889"}],"curies":[{"name":"wp","href":"https:\/\/api.w.org\/{rel}","templated":true}]}}