{"id":3896,"date":"2017-03-10T11:02:27","date_gmt":"2017-03-10T10:02:27","guid":{"rendered":"http:\/\/fsmcv.org\/?post_type=fsmcv-noticias&#038;p=3896"},"modified":"2021-04-08T18:16:55","modified_gmt":"2021-04-08T16:16:55","slug":"este-ano-cantemos-borinot-el-que-no-bote-por-unas-fallas-mas-respetuosas","status":"publish","type":"post","link":"https:\/\/fsmcv.org\/vl\/societats-musicals\/este-ano-cantemos-borinot-el-que-no-bote-por-unas-fallas-mas-respetuosas\/","title":{"rendered":"Enguany cantem &#8220;Borinot el que no bote&#8221;, per unes falles m\u00e9s respectuoses"},"content":{"rendered":"<p>La Federaci\u00f3 de Societats Musicals de la Comunitat Valenciana va assistir\u00a0fa unes setmanes al Congr\u00e9s Teixint Lambda organitzat pel col\u00b7lectiu Lambda, moviment social de lesbianes, gais, transexuals i bisexuals de Val\u00e8ncia, per transmetre el seu recolzament i suport a la campanya que proposa canviar la can\u00e7\u00f3 tradicional de les nostres festes &#8220;Maric\u00f3n el que no bote&#8221; per una versi\u00f3 respectuosa amb el col\u00b7lectiu LGTB, &#8220;Borinot el que no bote&#8221;.<\/p>\n<p>La FSMCV s&#8217;ha adherit, tal i com va fer ja l&#8217;any passat, a aquesta iniciativa, instant tamb\u00e9 a que les societats musicals s&#8217;adherisquen a unes &#8220;Falles m\u00e9s respectuoses&#8221;. A m\u00e9s del recolzament i adhesi\u00f3 de la FSMCV a aquesta campanya, la proposta compta amb el suport de la Junta Central Fallera i de la Regidoria d&#8217;Igualtat i Pol\u00edtiques Inclusives de l&#8217;Ajuntament de Val\u00e8ncia.<\/p>\n<p>Fa molts anys ja que des de Lambda reivindiquen que no es cante\u00a0aquesta can\u00e7\u00f3 la lletra de la qual resulta ofensiva cap a les persones homosexuals i les seues fam\u00edlies. L&#8217;any passat van encetar, per aquest motiu, la proposta de canviar la paraula &#8220;Maric\u00f3n&#8221; per &#8220;Borinot&#8221;, amb la intenci\u00f3 de fer una versi\u00f3 igualment valenciana per\u00f2 m\u00e9s respectuosa amb el col\u00b7lectiu LGTB.<\/p>\n<p>Enguany, de nou, la FSMCV s&#8217;adhereix a la iniciativa, per aconseguir unes Falles respectuoses i a les quals tot el m\u00f3n, independentment de la seua identitat de g\u00e8nere, puga botar.<\/p>\n","protected":false},"excerpt":{"rendered":"<p>La FSMCV recolza un any m\u00e9s la iniciativa del moviment social que proposa canviar el tradicional c\u00e0ntic festiu &#8220;Maric\u00f3n el que no bote&#8221; per una versi\u00f3 respectuosa amb el col\u00b7lectiu LGTB, una campanya que compta tamb\u00e9 amb el suport de la Junta Central Fallera y la Regidoria d&#8217;Igualtat i Pol\u00edtiques Inclusives de l&#8217;Ajuntament de Val\u00e8ncia. <\/p>\n","protected":false},"author":2,"featured_media":0,"comment_status":"closed","ping_status":"closed","sticky":false,"template":"","format":"standard","meta":{"footnotes":""},"categories":[56],"tags":[],"class_list":["post-3896","post","type-post","status-publish","format-standard","hentry","category-societats-musicals"],"_links":{"self":[{"href":"https:\/\/fsmcv.org\/vl\/wp-json\/wp\/v2\/posts\/3896","targetHints":{"allow":["GET"]}}],"collection":[{"href":"https:\/\/fsmcv.org\/vl\/wp-json\/wp\/v2\/posts"}],"about":[{"href":"https:\/\/fsmcv.org\/vl\/wp-json\/wp\/v2\/types\/post"}],"author":[{"embeddable":true,"href":"https:\/\/fsmcv.org\/vl\/wp-json\/wp\/v2\/users\/2"}],"replies":[{"embeddable":true,"href":"https:\/\/fsmcv.org\/vl\/wp-json\/wp\/v2\/comments?post=3896"}],"version-history":[{"count":0,"href":"https:\/\/fsmcv.org\/vl\/wp-json\/wp\/v2\/posts\/3896\/revisions"}],"wp:attachment":[{"href":"https:\/\/fsmcv.org\/vl\/wp-json\/wp\/v2\/media?parent=3896"}],"wp:term":[{"taxonomy":"category","embeddable":true,"href":"https:\/\/fsmcv.org\/vl\/wp-json\/wp\/v2\/categories?post=3896"},{"taxonomy":"post_tag","embeddable":true,"href":"https:\/\/fsmcv.org\/vl\/wp-json\/wp\/v2\/tags?post=3896"}],"curies":[{"name":"wp","href":"https:\/\/api.w.org\/{rel}","templated":true}]}}