{"id":3934,"date":"2016-04-21T13:55:55","date_gmt":"2016-04-21T11:55:55","guid":{"rendered":"http:\/\/fsmcv.org\/?post_type=fsmcv-noticias&#038;p=3934"},"modified":"2020-09-27T18:18:11","modified_gmt":"2020-09-27T18:18:11","slug":"inici-campanya-activitats-comarcals-recolzament-fundacion-iberdrola-espana","status":"publish","type":"post","link":"https:\/\/fsmcv.org\/vl\/noticies-campanyes\/musica-a-la-llum\/inici-campanya-activitats-comarcals-recolzament-fundacion-iberdrola-espana\/","title":{"rendered":"S&#8217;inicia la Campanya d&#8217;Activitats Comarcals amb el recolzament de la Fundaci\u00f3n Iberdrola Espa\u00f1a"},"content":{"rendered":"<p><i>La campanya Activitats Comarcals de la FSMCV compta en aquesta edici\u00f3 amb el suport de la Fundaci\u00f3n Iberdrola Espa\u00f1a<\/i><\/p>\n<p>La Junta Directiva de la FSMCV ha marcat els criteris que regiran la campanya del programa \u201cActivitats Comarcals\u201d. Una campanya en la qual podran programar-se, a m\u00e9s d&#8217;iniciatives comarcals, tamb\u00e9 projectes intercomarcals i provincials.<\/p>\n<p>La data m\u00e0xima per a la recepci\u00f3 de sol\u00b7licituds \u00e9s el 31 de maig de 2016.<\/p>\n<p>En aquesta edici\u00f3, la Federaci\u00f3 de Societats Musicals de la Comunitat Valenciana, gr\u00e0cies a un conveni signat recentment, compta amb la col\u00b7laboraci\u00f3 de la Fundaci\u00f3n Iberdrola Espa\u00f1a, compromesa amb el desenvolupament d&#8217;iniciatives que contribu\u00efsquen a millorar la qualitat de vida de les persones, recolzant la formaci\u00f3, promovent la defensa de la biodiversitat, l&#8217;art i la cultura, aix\u00ed com la solidaritat.<\/p>\n<p>Ambdues entitats -Fundaci\u00f3 Iberdrola Espanya i FSMCV- volen fomentar activitats que realitzen les Societats Musicals que impulsen la participaci\u00f3, la comunicaci\u00f3 i la integraci\u00f3 social de col\u00b7lectius desfavorits, o de majors i tamb\u00e9 amb entitats que fomenten la igualtat.<\/p>\n<p>Altres l\u00ednies d&#8217;ajuda que la FSMCV recolzar\u00e0 a trav\u00e9s de les \u201cActivitats Comarcals\u201d s\u00f3n les actuacions d&#8217;interpretaci\u00f3 de car\u00e0cter no competitiu -com a festivals de m\u00fasica en els quals participen diverses bandes de m\u00fasica, agrupacions corals, jazz o trobades entre escoles de m\u00fasica- ; activitats de car\u00e0cter informatiu com a jornades que poden ser de gesti\u00f3 cultural, pressupost\u00e0ria, legal, arxiv\u00edstica, de propietat intel\u00b7lectual, o tamb\u00e9 de modernitzaci\u00f3 tecnol\u00f2gica.<\/p>\n<p>Les comarques de la FSMCV poden tamb\u00e9 sol\u00b7licitar ajuda per a dur a terme un altre tipus d&#8217;activitats com a gales i concursos.<\/p>\n<p>La FSMCV pret\u00e9n aix\u00ed que les 30 comarques en les quals est\u00e0 estructurada la Federaci\u00f3 programen activitats que ajuden a dinamitzar i cohesionar el col\u00b7lectiu de les societats musicals, al mateix temps que a compartir les activitats i valors d&#8217;aquestes amb la resta la societat, donant aix\u00ed un enfocament d&#8217;inter\u00e8s general a aquestes activitats..<\/p>\n<p>La campanya Activitats Comarcals contempla tamb\u00e9 l&#8217;ajuda per a trobades de bandes, orquestres, concerts, festivals, jornades de gesti\u00f3 cultural. \u201cEl ventall \u00e9s molt ampli i ser\u00e0 cadascuna de les comarques la que definisca el tipus d&#8217;activitat que desitja desenvolupar d&#8217;acord a la seua idiosincr\u00e0sia\u201d, ha manifestat Pedro Rodr\u00edguez, President de la FSMCV.<\/p>\n<p>&nbsp;<\/p>\n<p><b><a href=\"http:\/\/fsmcv.org\/BTnet-storage\/wp-uploads\/2017\/03\/BASES-AC2016.pdf\" target=\"_blank\" rel=\"noopener noreferrer\">Bases de la campanya Activitats Comarcals 2016<\/a><\/b><\/p>\n","protected":false},"excerpt":{"rendered":"<p>La Junta Directiva de la FSMCV ha marcat els criteris que regiran la campanya del programa \u201cActivitats Comarcals\u201d. Una campanya en la qual podran programar-se, a m\u00e9s d&#8217;iniciatives comarcals, tamb\u00e9 projectes intercomarcals i provincials.<\/p>\n","protected":false},"author":2,"featured_media":0,"comment_status":"closed","ping_status":"closed","sticky":false,"template":"","format":"standard","meta":{"footnotes":""},"categories":[10],"tags":[],"class_list":["post-3934","post","type-post","status-publish","format-standard","hentry","category-musica-a-la-llum"],"_links":{"self":[{"href":"https:\/\/fsmcv.org\/vl\/wp-json\/wp\/v2\/posts\/3934","targetHints":{"allow":["GET"]}}],"collection":[{"href":"https:\/\/fsmcv.org\/vl\/wp-json\/wp\/v2\/posts"}],"about":[{"href":"https:\/\/fsmcv.org\/vl\/wp-json\/wp\/v2\/types\/post"}],"author":[{"embeddable":true,"href":"https:\/\/fsmcv.org\/vl\/wp-json\/wp\/v2\/users\/2"}],"replies":[{"embeddable":true,"href":"https:\/\/fsmcv.org\/vl\/wp-json\/wp\/v2\/comments?post=3934"}],"version-history":[{"count":0,"href":"https:\/\/fsmcv.org\/vl\/wp-json\/wp\/v2\/posts\/3934\/revisions"}],"wp:attachment":[{"href":"https:\/\/fsmcv.org\/vl\/wp-json\/wp\/v2\/media?parent=3934"}],"wp:term":[{"taxonomy":"category","embeddable":true,"href":"https:\/\/fsmcv.org\/vl\/wp-json\/wp\/v2\/categories?post=3934"},{"taxonomy":"post_tag","embeddable":true,"href":"https:\/\/fsmcv.org\/vl\/wp-json\/wp\/v2\/tags?post=3934"}],"curies":[{"name":"wp","href":"https:\/\/api.w.org\/{rel}","templated":true}]}}