{"id":3954,"date":"2015-03-10T15:54:44","date_gmt":"2015-03-10T14:54:44","guid":{"rendered":"http:\/\/fsmcv.org\/?post_type=fsmcv-noticias&#038;p=3954"},"modified":"2020-09-27T18:18:54","modified_gmt":"2020-09-27T18:18:54","slug":"festivals-trobades-jornades-formatives-gestio-concerts-gales-inundaran-comarques-valencianes","status":"publish","type":"post","link":"https:\/\/fsmcv.org\/vl\/noticies-campanyes\/musica-a-la-llum\/festivals-trobades-jornades-formatives-gestio-concerts-gales-inundaran-comarques-valencianes\/","title":{"rendered":"Festivals, trobades, jornades formatives i de gesti\u00f3, concerts i gales inundaran un any m\u00e9s les comarques valencianes"},"content":{"rendered":"<p>La Junta Directiva de la FSMCV ha aprovat les bases d&#8217;una nova edici\u00f3 de la Campanya d&#8217;Activitats Comarcals que realitza des de fa diversos anys amb la finalitat de potenciar activitats organitzades per les societats musicals d&#8217;una mateixa comarca.<\/p>\n<p>Entre elles figuren les que fomenten la participaci\u00f3, comunicaci\u00f3 i integraci\u00f3 social, aix\u00ed com unes altres d&#8217;interpretaci\u00f3 i les de car\u00e0cter informatiu. Aix\u00ed, durant els pr\u00f2xims mesos les 30 comarques en les quals est\u00e0 estructurada la Federaci\u00f3 programaran activitats en col\u00b7laboraci\u00f3 amb col\u00b7lectius desfavorits o de majors, aix\u00ed com trobades de bandes, orquestres, concerts, festivals, jornades de gesti\u00f3 cultural, de modernitzaci\u00f3 tecnol\u00f2gica, de legislaci\u00f3 i arxiv\u00edstica, de propietat intel\u00b7lectual, gal\u00b7les, concursos, etc. El ventall \u00e9s molt ampli i ser\u00e0 cadascuna de les comarques la que definisca el tipus d&#8217;activitat que desitja desenvolupar d&#8217;acord a la seua idiosincr\u00e0sia.<\/p>\n<p>Les sol\u00b7licituds per a participar en aquesta Campanya d&#8217;Activitats Comarcals hauran de ser presentades pel president comarcal en les oficines de la FSMCV fins al pr\u00f2xim 30 d&#8217;abril.<\/p>\n<p>Descarregar <a href=\"http:\/\/fsmcv.org\/BTnet-storage\/wp-uploads\/2017\/03\/AC_Convocatoria-2015.pdf\" target=\"_blank\" rel=\"noopener noreferrer\">bases<\/a>.<\/p>\n","protected":false},"excerpt":{"rendered":"<p>[:es]La Junta Directiva de la FSMCV ha aprobado las bases de una nueva edici\u00f3n de la Campa\u00f1a de Actividades Comarcales que viene realizando desde hace varios a\u00f1os con la finalidad de potenciar actividades organizadas por las sociedades musicales de una misma comarca.[:]<\/p>\n","protected":false},"author":2,"featured_media":0,"comment_status":"closed","ping_status":"closed","sticky":false,"template":"","format":"standard","meta":{"footnotes":""},"categories":[10],"tags":[],"class_list":["post-3954","post","type-post","status-publish","format-standard","hentry","category-musica-a-la-llum"],"_links":{"self":[{"href":"https:\/\/fsmcv.org\/vl\/wp-json\/wp\/v2\/posts\/3954","targetHints":{"allow":["GET"]}}],"collection":[{"href":"https:\/\/fsmcv.org\/vl\/wp-json\/wp\/v2\/posts"}],"about":[{"href":"https:\/\/fsmcv.org\/vl\/wp-json\/wp\/v2\/types\/post"}],"author":[{"embeddable":true,"href":"https:\/\/fsmcv.org\/vl\/wp-json\/wp\/v2\/users\/2"}],"replies":[{"embeddable":true,"href":"https:\/\/fsmcv.org\/vl\/wp-json\/wp\/v2\/comments?post=3954"}],"version-history":[{"count":0,"href":"https:\/\/fsmcv.org\/vl\/wp-json\/wp\/v2\/posts\/3954\/revisions"}],"wp:attachment":[{"href":"https:\/\/fsmcv.org\/vl\/wp-json\/wp\/v2\/media?parent=3954"}],"wp:term":[{"taxonomy":"category","embeddable":true,"href":"https:\/\/fsmcv.org\/vl\/wp-json\/wp\/v2\/categories?post=3954"},{"taxonomy":"post_tag","embeddable":true,"href":"https:\/\/fsmcv.org\/vl\/wp-json\/wp\/v2\/tags?post=3954"}],"curies":[{"name":"wp","href":"https:\/\/api.w.org\/{rel}","templated":true}]}}