{"id":3972,"date":"2012-10-30T16:40:58","date_gmt":"2012-10-30T15:40:58","guid":{"rendered":"http:\/\/fsmcv.org\/?post_type=fsmcv-noticias&#038;p=3972"},"modified":"2020-09-27T18:19:36","modified_gmt":"2020-09-27T18:19:36","slug":"dissabte-10-novembre-comencen-alacant-castello-valencia-activitats-comarcals-2012","status":"publish","type":"post","link":"https:\/\/fsmcv.org\/vl\/noticies-campanyes\/musica-a-la-llum\/dissabte-10-novembre-comencen-alacant-castello-valencia-activitats-comarcals-2012\/","title":{"rendered":"El dissabte 10 de novembre comencen a Alacant, Castell\u00f3 i Val\u00e8ncia les activitats comarcals 2012"},"content":{"rendered":"<p>La FSMCV ha engegat la campanya d&#8217;Activitats Comarcals 2012 consistent en dues activitats formatives que s&#8217;organitzaran a partir del pr\u00f2xim dissabte en les tres prov\u00edncies. Aix\u00ed mateix, tamb\u00e9 ha organitzat la II Trobada d&#8217;Escoles de M\u00fasica durant les mateixes dates.<\/p>\n<p>El dissabte 10 de novembre es desenvoluparan, per tant, tres activitats:<\/p>\n<ul>\n<li>En Alacant, el curs T\u00e8cniques b\u00e0siques per a parlar en p\u00fablic.<\/li>\n<li>En Almassora (Castell\u00f3) la II Trobada d&#8217;Escoles de M\u00fasica.<\/li>\n<li>En Rafelbunyol (Val\u00e8ncia) el curs sobre l&#8217;\u00fas de les Xarxes Socials.<\/li>\n<\/ul>\n<p>En el seg\u00fcent enlla\u00e7 figuren les bases, documentaci\u00f3 i model d&#8217;inscripci\u00f3 de les tres activitats, que se celebraran tamb\u00e9 els dissabtes 17 i 24 de novembre: <a href=\"http:\/\/fsmcv.org\/actualitat\/comarcas\/fsmcv-inicia-campanya-activitats-comarcals-2012\">http:\/\/fsmcv.org\/actualitat\/comarcas\/fsmcv-inicia-campanya-activitats-comarcals-2012<\/a><\/p>\n<p><em>IMPORTANT: Tant per a assistir als dos cursos de formaci\u00f3 com a la Trobada d&#8217;Escoles de M\u00fasica cal inscriure&#8217;s mitjan\u00e7ant fax a les oficines de la Federaci\u00f3 (963515788) o correu electr\u00f2nic (<a href=\"mailto:fsmcv@fsmcv.org\">fsmcv@fsmcv.org<\/a>) com a m\u00e0xim 10 dies abans de la realitzaci\u00f3 de la jornada\u2028\u2028.<\/em><\/p>\n","protected":false},"excerpt":{"rendered":"<p>La FSMCV ha engegat la campanya d&#8217;Activitats Comarcals 2012 consistent en dues activitats formatives que s&#8217;organitzaran a partir del pr\u00f2xim dissabte en les tres prov\u00edncies. Aix\u00ed mateix, tamb\u00e9 ha organitzat la II Trobada d&#8217;Escoles de M\u00fasica durant les mateixes dates.<\/p>\n","protected":false},"author":2,"featured_media":0,"comment_status":"closed","ping_status":"closed","sticky":false,"template":"","format":"standard","meta":{"footnotes":""},"categories":[10],"tags":[],"class_list":["post-3972","post","type-post","status-publish","format-standard","hentry","category-musica-a-la-llum"],"_links":{"self":[{"href":"https:\/\/fsmcv.org\/vl\/wp-json\/wp\/v2\/posts\/3972","targetHints":{"allow":["GET"]}}],"collection":[{"href":"https:\/\/fsmcv.org\/vl\/wp-json\/wp\/v2\/posts"}],"about":[{"href":"https:\/\/fsmcv.org\/vl\/wp-json\/wp\/v2\/types\/post"}],"author":[{"embeddable":true,"href":"https:\/\/fsmcv.org\/vl\/wp-json\/wp\/v2\/users\/2"}],"replies":[{"embeddable":true,"href":"https:\/\/fsmcv.org\/vl\/wp-json\/wp\/v2\/comments?post=3972"}],"version-history":[{"count":0,"href":"https:\/\/fsmcv.org\/vl\/wp-json\/wp\/v2\/posts\/3972\/revisions"}],"wp:attachment":[{"href":"https:\/\/fsmcv.org\/vl\/wp-json\/wp\/v2\/media?parent=3972"}],"wp:term":[{"taxonomy":"category","embeddable":true,"href":"https:\/\/fsmcv.org\/vl\/wp-json\/wp\/v2\/categories?post=3972"},{"taxonomy":"post_tag","embeddable":true,"href":"https:\/\/fsmcv.org\/vl\/wp-json\/wp\/v2\/tags?post=3972"}],"curies":[{"name":"wp","href":"https:\/\/api.w.org\/{rel}","templated":true}]}}