{"id":3975,"date":"2012-10-19T16:46:59","date_gmt":"2012-10-19T14:46:59","guid":{"rendered":"http:\/\/fsmcv.org\/?post_type=fsmcv-noticias&#038;p=3975"},"modified":"2020-09-27T18:19:43","modified_gmt":"2020-09-27T18:19:43","slug":"fsmcv-inicia-campanya-activitats-comarcals-2012","status":"publish","type":"post","link":"https:\/\/fsmcv.org\/vl\/noticies-campanyes\/musica-a-la-llum\/fsmcv-inicia-campanya-activitats-comarcals-2012\/","title":{"rendered":"La FSMCV inicia la campanya d&#8217;activitats comarcals 2012"},"content":{"rendered":"<p>La FSMCV ha engegat la campanya d&#8217;Activitats Comarcals, que inicialment havia quedat posposada davant les dificultats econ\u00f2miques. Ara, una vegada que la Conselleria ha abonat el pressupost de la Federaci\u00f3 corresponent a 2011, l&#8217;entitat ha pogut dissenyar una campanya que per a enguany presenta novetats molt significatives, motivades especialment per la falta de temps per a realitzar-les en el seu format habitual, com ja es va exposar en la passada reuni\u00f3 del Consell Intercomarcal de la FSMCV celebrat el 23 de setembre a Muro (Alacant).<\/p>\n<p>La Campanya de 2012 consistir\u00e0 en la realitzaci\u00f3 de dues activitats de car\u00e0cter formatiu que s&#8217;organitzaran en les tres prov\u00edncies.<\/p>\n<p>La primera d&#8217;elles duu per t\u00edtol T\u00e8cniques b\u00e0siques per a parlar en p\u00fablic i est\u00e0 dirigida a membres de societats musicals, de les estructures comarcals, presidents comarcals i membres de la Junta Directiva de la FSMCV. Aquesta jornada es desenvolupar\u00e0 a Alacant el 10 de novembre, a Almassora (Castell\u00f3) el 17 de novembre i a Rafelbunyol (Val\u00e8ncia) el 24 de novembre.<\/p>\n<p>La segona abordar\u00e0 l&#8217;\u00fas de les Xarxes Socials i consistir\u00e0 en una jornada pr\u00e0ctica per a aprendre les operacions b\u00e0siques en aquest \u00e0mbit digital. Els llocs i hores de realitzaci\u00f3 d&#8217;aquest taller seran el 17 de novembre a Alacant, el 24 de novembre a Benicassim (Castell\u00f3) i el 10 de novembre a Rafelbunyol (Val\u00e8ncia). A aquesta jornada podr\u00e0 assistir qualsevol membre de la societat musical que gestione o vulga gestionar les p\u00e0gines web, blogs, xarxes socials, etc.<\/p>\n<p>Descarregar <a href=\"http:\/\/fsmcv.org\/BTnet-storage\/wp-uploads\/2017\/03\/activitats-comarcals-2012-val.pdf\" target=\"_blank\" rel=\"noopener noreferrer\">bases i formularis d&#8217;inscripci\u00f3<\/a>.<\/p>\n<h3><strong>II Trobada d&#8217;Escoles de M\u00fasica<\/strong><\/h3>\n<p>Per altra banda, la FSMCV prepara la II Trobada d&#8217;Escoles de M\u00fasica, dirigida a professors i directors de les Escoles de m\u00fasica i d\u2019educands de les societats musicals federades. Es tracta d&#8217;una jornada eminentment pr\u00e0ctica i centrada en temes com la formaci\u00f3 del professorat, recursos educatius i TICs, coordinaci\u00f3 en\/inter centres, relacions amb l&#8217;alumnat i la seua fam\u00edlia, relacions amb les juntes directives, etc.<\/p>\n<p>Aquesta II Trobada es realitzar\u00e0 els dies 10 de novembre (Almassora, Castell\u00f3), 17 de novembre (Rafelbunyol, Val\u00e8ncia) i 24 de novembre (Alacant).<\/p>\n<p>Descarregar <a href=\"http:\/\/fsmcv.org\/BTnet-storage\/wp-uploads\/2017\/03\/ii-trobada-escoles-de-musica-2012-compressed.pdf\" target=\"_blank\" rel=\"noopener noreferrer\">bases i formularis d&#8217;inscripci\u00f3<\/a>.<\/p>\n<p><em>IMPORTANT: Tant per a assistir als dos cursos de formaci\u00f3 com a la Trobada d&#8217;Escoles de M\u00fasica cal inscriure&#8217;s mitjan\u00e7ant fax a les oficines de la Federaci\u00f3 (963515788) o correu electr\u00f2nic (<a href=\"mailto:fsmcv@fsmcv.org\">fsmcv@fsmcv.org<\/a>) com a m\u00e0xim 10 dies abans de la realitzaci\u00f3 de la jornada<\/em><\/p>\n<p>VORE <a href=\"http:\/\/fsmcv.org\/BTnet-storage\/wp-uploads\/2017\/03\/quadre-resumactivitats-2012-compressed.pdf\" target=\"_blank\" rel=\"noopener noreferrer\">QUADRE-RESUM<\/a><\/p>\n","protected":false},"excerpt":{"rendered":"<p>La FSMCV ha engegat la campanya d&#8217;Activitats Comarcals, que inicialment havia quedat posposada davant les dificultats econ\u00f2miques. La Campanya de 2012 consistir\u00e0 en la realitzaci\u00f3 de dues activitats de car\u00e0cter formatiu que s&#8217;organitzaran en les tres prov\u00edncies.<\/p>\n","protected":false},"author":2,"featured_media":0,"comment_status":"closed","ping_status":"closed","sticky":false,"template":"","format":"standard","meta":{"footnotes":""},"categories":[10],"tags":[],"class_list":["post-3975","post","type-post","status-publish","format-standard","hentry","category-musica-a-la-llum"],"_links":{"self":[{"href":"https:\/\/fsmcv.org\/vl\/wp-json\/wp\/v2\/posts\/3975","targetHints":{"allow":["GET"]}}],"collection":[{"href":"https:\/\/fsmcv.org\/vl\/wp-json\/wp\/v2\/posts"}],"about":[{"href":"https:\/\/fsmcv.org\/vl\/wp-json\/wp\/v2\/types\/post"}],"author":[{"embeddable":true,"href":"https:\/\/fsmcv.org\/vl\/wp-json\/wp\/v2\/users\/2"}],"replies":[{"embeddable":true,"href":"https:\/\/fsmcv.org\/vl\/wp-json\/wp\/v2\/comments?post=3975"}],"version-history":[{"count":0,"href":"https:\/\/fsmcv.org\/vl\/wp-json\/wp\/v2\/posts\/3975\/revisions"}],"wp:attachment":[{"href":"https:\/\/fsmcv.org\/vl\/wp-json\/wp\/v2\/media?parent=3975"}],"wp:term":[{"taxonomy":"category","embeddable":true,"href":"https:\/\/fsmcv.org\/vl\/wp-json\/wp\/v2\/categories?post=3975"},{"taxonomy":"post_tag","embeddable":true,"href":"https:\/\/fsmcv.org\/vl\/wp-json\/wp\/v2\/tags?post=3975"}],"curies":[{"name":"wp","href":"https:\/\/api.w.org\/{rel}","templated":true}]}}