{"id":40031,"date":"2021-06-29T13:31:04","date_gmt":"2021-06-29T11:31:04","guid":{"rendered":"https:\/\/fsmcv.org\/la-societat-unio-musical-de-lliria-protagonitzara-el-dotze-concert-del-cicle-musica-a-la-llum\/"},"modified":"2021-07-19T12:44:27","modified_gmt":"2021-07-19T10:44:27","slug":"la-societat-unio-musical-de-lliria-protagonitzara-el-dotze-concert-del-cicle-musica-a-la-llum","status":"publish","type":"post","link":"https:\/\/fsmcv.org\/vl\/certamens\/la-societat-unio-musical-de-lliria-protagonitzara-el-dotze-concert-del-cicle-musica-a-la-llum\/","title":{"rendered":"La Societat Uni\u00f3 Musical de Ll\u00edria protagonitzar\u00e0 el dotz\u00e9 concert del cicle \u201cM\u00fasica a la Llum"},"content":{"rendered":"\n<p>La Societat Uni\u00f3 Musical de Ll\u00edria protagonitzar\u00e0 el pr\u00f2xim 3 de juliol a les 12.00 el dotz\u00e9 concert del cicle \u201cM\u00fasica a la Llum \u2013 Concerts a la Casa de la M\u00fasica\u201d, que organitza CaixaBank al costat de la FSMCV i el Institut Valenci\u00e0 de Cultura (IVC).<\/p>\n\n<p>Amb aquest concert de cambra protagonitzat pel \u00abGrup de Harmoniemusik de la Uni\u00f3 Musical de Ll\u00edria\u00bb aconseguirem la dotzena actuaci\u00f3 d\u2019aquest cicle format per 15 concerts, que tenen lloc cada dissabte a les 12.00 hores en l\u2019Alqueria Juli\u00e0-Casa de la M\u00fasica, nova seu de la FSMCV, amb la participaci\u00f3 de grups de xicotet format pertanyents a societats musicals federades.<\/p>\n\n<p>Complint amb la normativa vigent en mat\u00e8ria COVID-19 i les corresponents restriccions, \u00e9s necessari sol\u00b7licitar pr\u00e8viament l\u2019entrada en el seg\u00fcent enlla\u00e7:<\/p>\n\n<p> <a href=\"https:\/\/forms.gle\/uecJ6mMPaspaqed18\" target=\"_blank\" rel=\"noopener\">https:\/\/forms.gle\/uecJ6mMPaspaqed18<\/a><\/p>\n","protected":false},"excerpt":{"rendered":"<p>La Societat Uni\u00f3 Musical de Ll\u00edria protagonitzar\u00e0 el pr\u00f2xim 3 de juliol a les 12.00 el dotz\u00e9 concert del cicle \u201cM\u00fasica a la Llum \u2013 Concerts a la Casa de la M\u00fasica\u201d, que organitza CaixaBank al costat de la FSMCV i el Institut Valenci\u00e0 de Cultura (IVC).<\/p>\n","protected":false},"author":2,"featured_media":3365,"comment_status":"closed","ping_status":"closed","sticky":false,"template":"","format":"standard","meta":{"footnotes":""},"categories":[234],"tags":[],"class_list":["post-40031","post","type-post","status-publish","format-standard","has-post-thumbnail","hentry","category-certamens"],"_links":{"self":[{"href":"https:\/\/fsmcv.org\/vl\/wp-json\/wp\/v2\/posts\/40031","targetHints":{"allow":["GET"]}}],"collection":[{"href":"https:\/\/fsmcv.org\/vl\/wp-json\/wp\/v2\/posts"}],"about":[{"href":"https:\/\/fsmcv.org\/vl\/wp-json\/wp\/v2\/types\/post"}],"author":[{"embeddable":true,"href":"https:\/\/fsmcv.org\/vl\/wp-json\/wp\/v2\/users\/2"}],"replies":[{"embeddable":true,"href":"https:\/\/fsmcv.org\/vl\/wp-json\/wp\/v2\/comments?post=40031"}],"version-history":[{"count":0,"href":"https:\/\/fsmcv.org\/vl\/wp-json\/wp\/v2\/posts\/40031\/revisions"}],"wp:featuredmedia":[{"embeddable":true,"href":"https:\/\/fsmcv.org\/vl\/wp-json\/wp\/v2\/posts\/3365"}],"wp:attachment":[{"href":"https:\/\/fsmcv.org\/vl\/wp-json\/wp\/v2\/media?parent=40031"}],"wp:term":[{"taxonomy":"category","embeddable":true,"href":"https:\/\/fsmcv.org\/vl\/wp-json\/wp\/v2\/categories?post=40031"},{"taxonomy":"post_tag","embeddable":true,"href":"https:\/\/fsmcv.org\/vl\/wp-json\/wp\/v2\/tags?post=40031"}],"curies":[{"name":"wp","href":"https:\/\/api.w.org\/{rel}","templated":true}]}}