{"id":40126,"date":"2021-07-02T13:24:53","date_gmt":"2021-07-02T11:24:53","guid":{"rendered":"https:\/\/fsmcv.org\/i-convocatoria-del-premi-de-composicio-musical-per-a-banda-simfonica-arturo-balaguer-el-de-canya\/"},"modified":"2021-07-19T16:48:35","modified_gmt":"2021-07-19T14:48:35","slug":"i-convocatoria-del-premi-de-composicio-musical-per-a-banda-simfonica-arturo-balaguer-el-de-canya","status":"publish","type":"post","link":"https:\/\/fsmcv.org\/vl\/certamens\/i-convocatoria-del-premi-de-composicio-musical-per-a-banda-simfonica-arturo-balaguer-el-de-canya\/","title":{"rendered":"I Convocat\u00f2ria del Premi de Composici\u00f3 Musical per a Banda Simf\u00f2nica Arturo Balaguer \u00abel de Canya\u00bb"},"content":{"rendered":"\n<p>Des de la Regidoria de M\u00fasica de l\u2019Ajuntament de la Pobla de Vallbona han anunciat la I Convocat\u00f2ria del Premi de Composici\u00f3 Musical per a Banda Simf\u00f2nica <strong>Arturo Balaguer \u00abel de Canya\u00bb<\/strong> amb l\u2019objectiu de fomentar i difondre la cultura musical i promocionar la m\u00fasica de banda. Poden participar totes les persones que siguen m\u00fasics o compositors. Les composicions, del g\u00e8nere simf\u00f2nic i sense text literari, han de ser originals i in\u00e8dites i no s\u2019han d\u2019haver presentat en altres concursos.<\/p>\n\n<p>El termini de presentaci\u00f3 de les obres est\u00e0 obert fins al 31 d\u2019agost de 2021. El premi \u00e9s \u00fanic i indivisible amb una <strong>dotaci\u00f3 econ\u00f2mica de 5.000 \u20ac bruts<\/strong> i, a m\u00e9s, l\u2019autor o autors de les tres obres finalistes seran guardonades amb un trofeu esculpit per un prestigi\u00f3s artista local.<\/p>\n\n<p>Bases de la convocat\u00f2ria:<\/p>\n","protected":false},"excerpt":{"rendered":"<p>Des de la Regidoria de M\u00fasica de l\u2019Ajuntament de la Pobla de Vallbona han anunciat la I Convocat\u00f2ria del Premi de Composici\u00f3 Musical per a Banda Simf\u00f2nica Arturo Balaguer \u00abel de Canya\u00bb amb l\u2019objectiu de fomentar i difondre la cultura musical i promocionar la m\u00fasica de banda. Poden participar totes les persones que siguen m\u00fasics [&hellip;]<\/p>\n","protected":false},"author":2,"featured_media":0,"comment_status":"closed","ping_status":"closed","sticky":false,"template":"","format":"standard","meta":{"footnotes":""},"categories":[234],"tags":[],"class_list":["post-40126","post","type-post","status-publish","format-standard","hentry","category-certamens"],"_links":{"self":[{"href":"https:\/\/fsmcv.org\/vl\/wp-json\/wp\/v2\/posts\/40126","targetHints":{"allow":["GET"]}}],"collection":[{"href":"https:\/\/fsmcv.org\/vl\/wp-json\/wp\/v2\/posts"}],"about":[{"href":"https:\/\/fsmcv.org\/vl\/wp-json\/wp\/v2\/types\/post"}],"author":[{"embeddable":true,"href":"https:\/\/fsmcv.org\/vl\/wp-json\/wp\/v2\/users\/2"}],"replies":[{"embeddable":true,"href":"https:\/\/fsmcv.org\/vl\/wp-json\/wp\/v2\/comments?post=40126"}],"version-history":[{"count":0,"href":"https:\/\/fsmcv.org\/vl\/wp-json\/wp\/v2\/posts\/40126\/revisions"}],"wp:attachment":[{"href":"https:\/\/fsmcv.org\/vl\/wp-json\/wp\/v2\/media?parent=40126"}],"wp:term":[{"taxonomy":"category","embeddable":true,"href":"https:\/\/fsmcv.org\/vl\/wp-json\/wp\/v2\/categories?post=40126"},{"taxonomy":"post_tag","embeddable":true,"href":"https:\/\/fsmcv.org\/vl\/wp-json\/wp\/v2\/tags?post=40126"}],"curies":[{"name":"wp","href":"https:\/\/api.w.org\/{rel}","templated":true}]}}