{"id":40151,"date":"2021-06-18T13:47:11","date_gmt":"2021-06-18T11:47:11","guid":{"rendered":"https:\/\/fsmcv.org\/joventuts-musicals-de-la-vall-dalbaida-organitza-el-curs-fasolet-iem-dirigit-al-professorat-descoles-de-musica\/"},"modified":"2021-07-19T17:25:22","modified_gmt":"2021-07-19T15:25:22","slug":"joventuts-musicals-de-la-vall-dalbaida-organitza-el-curs-fasolet-iem-dirigit-al-professorat-descoles-de-musica","status":"publish","type":"post","link":"https:\/\/fsmcv.org\/vl\/certamens\/joventuts-musicals-de-la-vall-dalbaida-organitza-el-curs-fasolet-iem-dirigit-al-professorat-descoles-de-musica\/","title":{"rendered":"Joventuts Musicals de la Vall d\u2019Albaida organitza el curs \u2018Fasolet-IEM\u2019 dirigit al professorat d\u2019escoles de m\u00fasica."},"content":{"rendered":"\n<p class=\"p1\"><span class=\"s1\">Joventuts Musicals de la Vall d\u2019Albaida organitza al juliol un curs de formaci\u00f3 sobre la metodologia \u2018Fasolet-IEM\u2019 dirigit al professorat d\u2019escoles de m\u00fasica. El curs, que s\u2019inicia el pr\u00f2xim 12 de juliol, estar\u00e0 impartit per la professora Patricia Moreno Vidal i ofereix fins a tres nivells diferents, d\u2019entre 20 i 40 hores de duraci\u00f3.<\/span><\/p>\n\n<p class=\"p1\"><span class=\"s1\">Per a tots aquells docents interessats \u200b\u200ba treballar amb alumnes d\u2019entre 3 i 8 anys i ampliar la seua formaci\u00f3, aquesta nova metodologia permet ampliar els recursos did\u00e0ctics del professorat, aplicant-los a la seua pr\u00f2pia escola de m\u00fasica. Es tracta d\u2019una metodologia enriquidora de la qual aprendre molts recursos per a posar-los en pr\u00e0ctica amb els m\u00e9s xicotets.<\/span><\/p>\n\n<p class=\"p1\"><span class=\"s1\">La metodologia \u2018Fasolet-IEM\u2019 permet fomentar la creativitat, l\u2019o\u00efda interna, el pensament i el ritme musical mitjan\u00e7ant, entre altres, les can\u00e7ons populars.<\/span><\/p>\n\n<p class=\"p1\"><span class=\"s1\">Aquest sistema educatiu t\u00e9 programes d\u2019ensenyament estructurats per a adequar-se a les diferents etapes del desenvolupament f\u00edsic, intel\u00b7lectual, psicol\u00f2gic i social dels xiquets i xiquetes. Aix\u00ed mateix, s\u2019utilitza el teclat com a recurs did\u00e0ctic per a poder experimentar en ell la melodia, el ritme i l\u2019harmonia.<\/span><\/p>\n\n<p class=\"p1\"><span class=\"s1\">El curs \u2018Fasolet-IEM\u2019 ofereix tres nivells diferents, amb els seg\u00fcents horaris:<\/span><\/p>\n\n<p class=\"p1\"><span class=\"s1\">Nivell 1: del 12 al 16 de juliol de 2021<\/span><\/p>\n\n<p class=\"p1\"><span class=\"s1\">Horari de 10.00 a 14: 00h i de 15.30 a 19: 30h. (40 hores).<\/span><\/p>\n\n<p class=\"p1\"><span class=\"s1\">Nivell 2: del 19 al 21 de juliol de 2021.<\/span><\/p>\n\n<p class=\"p1\"><span class=\"s1\">Horari dia 19 i 20: de 10.00 a 14: 00h i de 15.30 a 19: 30h.<\/span><\/p>\n\n<p class=\"p1\"><span class=\"s1\">Horari del dia 21: 10.00 a 14: 00h. (20 hores).<\/span><\/p>\n\n<p class=\"p1\"><span class=\"s1\">Nivell 3: del 21 al 23 de juliol de 2021.<\/span><\/p>\n\n<p class=\"p1\"><span class=\"s1\">Horari dia 21: 15.30 a 19: 30h.<\/span><\/p>\n\n<p class=\"p1\"><span class=\"s1\">Horari dies 22 i 23: de 09.00 a 14.00 i de 15.30 a 19: 30h. (20 hores)<\/span><\/p>\n\n<p class=\"p1\"><span class=\"s1\">El curs s\u2019impartir\u00e0 en la seu de Joventuts Musicals de la Vall d\u2019Albaida, Otos.<\/span><\/p>\n\n<p class=\"p1\"><span class=\"s1\">Inscripcions i contacte en el tel\u00e8fon 96 235 83 84 o en la nostra web www.emusvall.es<\/span><\/p>\n\n<p>Mes info : <\/p>\n\n<div class=\"wp-block-buttons is-content-justification-center is-layout-flex wp-block-buttons-is-layout-flex\">\n<div class=\"wp-block-button\"><a class=\"wp-block-button__link has-vivid-red-background-color has-background\" href=\"https:\/\/www.facebook.com\/sociedadesmusicales\/photos\/a.329772761185\/10158191298306186\/\" target=\"_blank\" rel=\"noreferrer noopener\">Facebook<\/a><\/div>\n<\/div>\n","protected":false},"excerpt":{"rendered":"<p>Joventuts Musicals de la Vall d\u2019Albaida organitza al juliol un curs de formaci\u00f3 sobre la metodologia \u2018Fasolet-IEM\u2019 dirigit al professorat d\u2019escoles de m\u00fasica. El curs, que s\u2019inicia el pr\u00f2xim 12 de juliol, estar\u00e0 impartit per la professora Patricia Moreno Vidal i ofereix fins a tres nivells diferents, d\u2019entre 20 i 40 hores de duraci\u00f3. Per [&hellip;]<\/p>\n","protected":false},"author":2,"featured_media":0,"comment_status":"closed","ping_status":"closed","sticky":false,"template":"","format":"standard","meta":{"footnotes":""},"categories":[234],"tags":[],"class_list":["post-40151","post","type-post","status-publish","format-standard","hentry","category-certamens"],"_links":{"self":[{"href":"https:\/\/fsmcv.org\/vl\/wp-json\/wp\/v2\/posts\/40151","targetHints":{"allow":["GET"]}}],"collection":[{"href":"https:\/\/fsmcv.org\/vl\/wp-json\/wp\/v2\/posts"}],"about":[{"href":"https:\/\/fsmcv.org\/vl\/wp-json\/wp\/v2\/types\/post"}],"author":[{"embeddable":true,"href":"https:\/\/fsmcv.org\/vl\/wp-json\/wp\/v2\/users\/2"}],"replies":[{"embeddable":true,"href":"https:\/\/fsmcv.org\/vl\/wp-json\/wp\/v2\/comments?post=40151"}],"version-history":[{"count":0,"href":"https:\/\/fsmcv.org\/vl\/wp-json\/wp\/v2\/posts\/40151\/revisions"}],"wp:attachment":[{"href":"https:\/\/fsmcv.org\/vl\/wp-json\/wp\/v2\/media?parent=40151"}],"wp:term":[{"taxonomy":"category","embeddable":true,"href":"https:\/\/fsmcv.org\/vl\/wp-json\/wp\/v2\/categories?post=40151"},{"taxonomy":"post_tag","embeddable":true,"href":"https:\/\/fsmcv.org\/vl\/wp-json\/wp\/v2\/tags?post=40151"}],"curies":[{"name":"wp","href":"https:\/\/api.w.org\/{rel}","templated":true}]}}