{"id":40304,"date":"2021-07-21T19:07:45","date_gmt":"2021-07-21T17:07:45","guid":{"rendered":"https:\/\/fsmcv.org\/?p=40304"},"modified":"2021-07-23T14:43:14","modified_gmt":"2021-07-23T12:43:14","slug":"arranca-la-xviii-campanya-de-concerts-dintercanvis","status":"publish","type":"post","link":"https:\/\/fsmcv.org\/vl\/noticies-campanyes\/intercanvis\/arranca-la-xviii-campanya-de-concerts-dintercanvis\/","title":{"rendered":"Arranca la XVIII Campanya de Concerts d&#8217;Intercanvis"},"content":{"rendered":"\n<p>La Federaci\u00f3 de Societats Musicals de la Comunitat Valenciana (FSMCV), la Federaci\u00f3 de Cors de la Comunitat Valenciana (FECOCOVA), la Federaci\u00f3 de Folklore de la Comunitat Valenciana (FFCV), la Federaci\u00f3 Valenciana de Dol\u00e7ainers i Tabaleters (FVDiT) i la Federaci\u00f3 d&#8217;Orquestres i Rondalles de Pols i Pua de la Comunitat Valenciana (FORPPCV) convoquen les bases per a la XVIII Campanya de Concerts d&#8217;Intercanvis 2021. <strong>XVIII CAMPANYA DE CONCERTS D&#8217;INTERCANVIS 2021<\/strong><\/p>\n\n\n\n<p>La campanya d&#8217;intercanvis \u00e9s un dels projectes de major envergadura que duen a terme de manera conjunta aquestes entitats de refer\u00e8ncia en la m\u00fasica i la cultura valencianes, reunint anualment milers de m\u00fasics i integrants d&#8217;aquestes federacions amb la finalitat de dur a terme un cicle d&#8217;actuacions en tot el territori de la Comunitat. L&#8217;objectiu \u00faltim d&#8217;aquests concerts \u00e9s la promoci\u00f3 musical i la interrelaci\u00f3 entre les diferents agrupacions de les entitats que participen.<\/p>\n\n\n\n<p>Tenint en compte la situaci\u00f3 excepcional amb motiu de la pand\u00e8mia de Covid-19, la campanya ha sigut adaptada perqu\u00e8 les entitats participants puguen realitzar les seues actuacions respectant la normativa sanit\u00e0ria vigent.<\/p>\n\n\n\n<p><strong>Les actuacions podran realitzar-se entre el 31 de juliol i el 13 d&#8217;octubre de 2021.<\/strong><\/p>\n\n\n\n<p><br><strong>Bases de la Campanya: <\/strong><\/p>\n\n\n\n<div data-wp-interactive=\"core\/file\" class=\"wp-block-file\"><object data-wp-bind--hidden=\"!state.hasPdfPreview\" hidden class=\"wp-block-file__embed\" data=\"https:\/\/fsmcv.org\/wp-content\/uploads\/2021\/07\/20210723-INTERCAMBIOS-2021-Valencia-2.pdf\" type=\"application\/pdf\" style=\"width:100%;height:200px\" aria-label=\"Embed of Incrustado de 20210723-INTERCAMBIOS-2021-Valencia-2..\"><\/object><a href=\"https:\/\/fsmcv.org\/wp-content\/uploads\/2021\/07\/20210723-INTERCAMBIOS-2021-Valencia-2.pdf\">20210723-INTERCAMBIOS-2021-Valencia-2<\/a><a href=\"https:\/\/fsmcv.org\/wp-content\/uploads\/2021\/07\/20210723-INTERCAMBIOS-2021-Valencia-2.pdf\" class=\"wp-block-file__button\" download>Desc\u00e0rrega<\/a><\/div>\n\n\n\n<div data-wp-interactive=\"core\/file\" class=\"wp-block-file\"><object data-wp-bind--hidden=\"!state.hasPdfPreview\" hidden class=\"wp-block-file__embed\" data=\"https:\/\/fsmcv.org\/wp-content\/uploads\/2021\/07\/20210723-INTERCAMBIOS-2021-Castellano-2.pdf\" type=\"application\/pdf\" style=\"width:100%;height:200px\" aria-label=\"Embed of Incrustado de 20210723-INTERCAMBIOS-2021-Castellano-2..\"><\/object><a href=\"https:\/\/fsmcv.org\/wp-content\/uploads\/2021\/07\/20210723-INTERCAMBIOS-2021-Castellano-2.pdf\">20210723-INTERCAMBIOS-2021-Castellano-2<\/a><a href=\"https:\/\/fsmcv.org\/wp-content\/uploads\/2021\/07\/20210723-INTERCAMBIOS-2021-Castellano-2.pdf\" class=\"wp-block-file__button\" download>Desc\u00e0rrega<\/a><\/div>\n\n\n\n<p><br>Poden accedir a la plataforma d&#8217;Intercanvis al seg\u00fcent enlla\u00e7:<\/p>\n\n\n\n<div class=\"wp-block-buttons is-content-justification-center is-layout-flex wp-block-buttons-is-layout-flex\">\n<div class=\"wp-block-button is-style-fill\"><a class=\"wp-block-button__link has-white-color has-vivid-red-background-color has-text-color has-background\" href=\"\/?page_id=39732\" target=\"_blank\" rel=\"noreferrer noopener\">Plataforma Intercanvis<\/a><\/div>\n<\/div>\n","protected":false},"excerpt":{"rendered":"<p>FSMCV, FECOCOVA, FVDiT, FFCV i FORPPCV han convocat la XVIII Campanya de Concerts d&#8217;Intercanvis.<\/p>\n","protected":false},"author":7,"featured_media":40346,"comment_status":"open","ping_status":"closed","sticky":false,"template":"","format":"standard","meta":{"footnotes":""},"categories":[216],"tags":[231,230],"class_list":["post-40304","post","type-post","status-publish","format-standard","has-post-thumbnail","hentry","category-intercanvis","tag-campanya","tag-intercanvis"],"_links":{"self":[{"href":"https:\/\/fsmcv.org\/vl\/wp-json\/wp\/v2\/posts\/40304","targetHints":{"allow":["GET"]}}],"collection":[{"href":"https:\/\/fsmcv.org\/vl\/wp-json\/wp\/v2\/posts"}],"about":[{"href":"https:\/\/fsmcv.org\/vl\/wp-json\/wp\/v2\/types\/post"}],"author":[{"embeddable":true,"href":"https:\/\/fsmcv.org\/vl\/wp-json\/wp\/v2\/users\/7"}],"replies":[{"embeddable":true,"href":"https:\/\/fsmcv.org\/vl\/wp-json\/wp\/v2\/comments?post=40304"}],"version-history":[{"count":0,"href":"https:\/\/fsmcv.org\/vl\/wp-json\/wp\/v2\/posts\/40304\/revisions"}],"wp:featuredmedia":[{"embeddable":true,"href":"https:\/\/fsmcv.org\/vl\/wp-json\/wp\/v2\/media\/40346"}],"wp:attachment":[{"href":"https:\/\/fsmcv.org\/vl\/wp-json\/wp\/v2\/media?parent=40304"}],"wp:term":[{"taxonomy":"category","embeddable":true,"href":"https:\/\/fsmcv.org\/vl\/wp-json\/wp\/v2\/categories?post=40304"},{"taxonomy":"post_tag","embeddable":true,"href":"https:\/\/fsmcv.org\/vl\/wp-json\/wp\/v2\/tags?post=40304"}],"curies":[{"name":"wp","href":"https:\/\/api.w.org\/{rel}","templated":true}]}}