{"id":4137,"date":"2017-03-22T08:04:45","date_gmt":"2017-03-22T07:04:45","guid":{"rendered":"http:\/\/fsmcv.org\/?post_type=fsmcv-noticias&#038;p=4137"},"modified":"2020-09-27T18:15:21","modified_gmt":"2020-09-27T18:15:21","slug":"convocades-les-ajudes-per-remodelar-construir-locals-de-societats-musicals","status":"publish","type":"post","link":"https:\/\/fsmcv.org\/vl\/noticies-campanyes\/musica-a-la-llum\/convocades-les-ajudes-per-remodelar-construir-locals-de-societats-musicals\/","title":{"rendered":"Convocades les ajudes per a remodelar i construir locals de societats musicals"},"content":{"rendered":"<p>La Conselleria d&#8217;Educaci\u00f3, Investigaci\u00f3, Cultura i Esport convoca la concessi\u00f3 de subvencions adscrites a finan\u00e7ar obres de remodelaci\u00f3 i construcci\u00f3 de locals de les societats musicals de la Comunitat Valenciana en 2017 per import de 400.000 euros. Els interessats podran sol\u00b7licitar estes ajudes <strong>fins el dia 11\u00a0d&#8217;abril<\/strong>.<\/p>\n<p>Aquestes ajudes es destinen a finan\u00e7ar les obres de remodelaci\u00f3, ampliaci\u00f3, reforma i construcci\u00f3 en determinats casos de locals socials de les societats musicals, les despeses subvencionables de les quals estan integrades en el pressupost d&#8217;execuci\u00f3 material de l&#8217;obra.<\/p>\n<p>No es podran sol\u00b7licitar aquestes ajudes per a obres de pressupost d&#8217;execuci\u00f3 material superior a 80.000 euros ni per a obres que no es realitzen completament dins de l&#8217;any 2017. Les sol\u00b7licituds referides a nova construcci\u00f3 tot just podran ser admeses si es justifica que l&#8217;edifici es troba completament al\u00e7at, tancat i cobert.<\/p>\n<p><strong>La quantia individual d&#8217;aquestes subvencions ser\u00e0 el 80% del cost d&#8217;execuci\u00f3 material de les obre<\/strong>s i no podr\u00e0 superar els 64.000 euros per beneficiari. Les ajudes es concediran seguint l&#8217;ordre establit per la puntuaci\u00f3 concedida.<\/p>\n<p>En la selecci\u00f3 dels beneficiaris s&#8217;aplicaran uns criteris de valoraci\u00f3 en qu\u00e8 es puntuar\u00e0 conceptes com ara l&#8217;objecte concret de la inversi\u00f3 a executar, l&#8217;adequaci\u00f3 t\u00e8cnica del projecte, les circumst\u00e0ncies especials de l&#8217;edifici, l&#8217;obtenci\u00f3 d&#8217;aquestes ajudes en exercicis anteriors, la consideraci\u00f3 de b\u00e9 immaterial de rellev\u00e0ncia local i altres.<\/p>\n<p>Les ajudes econ\u00f2miques van dirigides a les societats musicals com a entitats privades sense \u00e0nim de lucre que, estant legalment constitu\u00efdes, tinguen entre els seus fins socials la difusi\u00f3, promoci\u00f3 o divulgaci\u00f3 i l&#8217;ensenyament de la m\u00fasica i realitzen, almenys, les seg\u00fcents activitats art\u00edstiques i formatives amb car\u00e0cter permanent: sosteniment d&#8217;una agrupaci\u00f3 instrumental no professional ja siga banda o orquestra i sosteniment d&#8217;una escola de m\u00fasica o escola d&#8217;educands de manera directa o a trav\u00e9s d&#8217;agrupacions supramunicipals o, si no n&#8217;hi ha, col\u00b7laborar de manera activa en la integraci\u00f3 de j\u00f3vens m\u00fasics en el seu conjunt instrumental com a activitat tendent a la seua formaci\u00f3 musical.<\/p>\n<p>Per a accedir a aquestes ajudes econ\u00f2miques, <strong>el local ha de pert\u00e0nyer en propietat a l&#8217;entitat o estar cedit pel respectiu ajuntament i complir els requisits prevists a les bases reguladores<\/strong>.<\/p>\n<p><strong>M\u00e9s informaci\u00f3:<\/strong><\/p>\n<p><a href=\"http:\/\/www.dogv.gva.es\/datos\/2017\/03\/21\/pdf\/2017_2120.pdf\" target=\"_blank\" rel=\"noopener noreferrer\">RESOLUCI\u00d3 de 9 de mar\u00e7 de 2017, de la Conselleria d\u2019Educaci\u00f3, Investigaci\u00f3, Cultura i Esport, per la qual es convoca la concessi\u00f3 de subvencions destinades a finan\u00e7ar obres de remodelaci\u00f3 i construcci\u00f3 de locals socials de les societats musicals de la Comunitat Valenciana en 2017<\/a>.<\/p>\n<p>&nbsp;<\/p>\n","protected":false},"excerpt":{"rendered":"<p>La convocat\u00f2ria nom\u00e9s deixa 15 dies per demanar les ajudes, el termini de sol\u00b7licitud de les quals finalitza el dia 11 d&#8217;abril.<\/p>\n","protected":false},"author":2,"featured_media":0,"comment_status":"closed","ping_status":"closed","sticky":false,"template":"","format":"standard","meta":{"footnotes":""},"categories":[10],"tags":[],"class_list":["post-4137","post","type-post","status-publish","format-standard","hentry","category-musica-a-la-llum"],"_links":{"self":[{"href":"https:\/\/fsmcv.org\/vl\/wp-json\/wp\/v2\/posts\/4137","targetHints":{"allow":["GET"]}}],"collection":[{"href":"https:\/\/fsmcv.org\/vl\/wp-json\/wp\/v2\/posts"}],"about":[{"href":"https:\/\/fsmcv.org\/vl\/wp-json\/wp\/v2\/types\/post"}],"author":[{"embeddable":true,"href":"https:\/\/fsmcv.org\/vl\/wp-json\/wp\/v2\/users\/2"}],"replies":[{"embeddable":true,"href":"https:\/\/fsmcv.org\/vl\/wp-json\/wp\/v2\/comments?post=4137"}],"version-history":[{"count":0,"href":"https:\/\/fsmcv.org\/vl\/wp-json\/wp\/v2\/posts\/4137\/revisions"}],"wp:attachment":[{"href":"https:\/\/fsmcv.org\/vl\/wp-json\/wp\/v2\/media?parent=4137"}],"wp:term":[{"taxonomy":"category","embeddable":true,"href":"https:\/\/fsmcv.org\/vl\/wp-json\/wp\/v2\/categories?post=4137"},{"taxonomy":"post_tag","embeddable":true,"href":"https:\/\/fsmcv.org\/vl\/wp-json\/wp\/v2\/tags?post=4137"}],"curies":[{"name":"wp","href":"https:\/\/api.w.org\/{rel}","templated":true}]}}