{"id":4152,"date":"2017-03-23T12:01:10","date_gmt":"2017-03-23T11:01:10","guid":{"rendered":"http:\/\/fsmcv.org\/?post_type=fsmcv-noticias&#038;p=4152"},"modified":"2020-09-27T18:15:55","modified_gmt":"2020-09-27T18:15:55","slug":"culturarts-convoca-subvenciones-para-la-adquisicion-y-reposicion-de-instrumentos-por-parte-de-las-sociedades-musicales","status":"publish","type":"post","link":"https:\/\/fsmcv.org\/vl\/noticies-campanyes\/musica-a-la-llum\/culturarts-convoca-subvenciones-para-la-adquisicion-y-reposicion-de-instrumentos-por-parte-de-las-sociedades-musicales\/","title":{"rendered":"CulturArts convoca subvencions per a l&#8217;adquisici\u00f3 i reposici\u00f3 d&#8217;instruments per part de les societats musicals"},"content":{"rendered":"<p>Ja s&#8217;ha publicat la <strong>nova convocat\u00f2ria de subvencions de CulturArts destinades a l&#8217;adquisici\u00f3 i la reposici\u00f3 d&#8217;instruments musicals<\/strong> per part de les societats musicals per a l&#8217;exercici 2017. El Diari Oficial de la Generalitat Valenciana publicava ahir aquesta convocat\u00f2ria, que inclou un import global m\u00e0xim de 215.000 euros per afavorir la reposici\u00f3 en l&#8217;\u00e0mbit de les associacions musicals sense \u00e0nim de lucre de la Comunitat Valenciana.<\/p>\n<p>Aquesta convocat\u00f2ria ha variat lleugerament respecte a la d&#8217;anys anteriors. Per aclarir estes novetats, el <strong>pr\u00f2xim 8 d&#8217;abril es realitzar\u00e0 una jornada especial en qu\u00e8 es detallaran estes modificacions i es resoldran tots els dubtes que puguen sorgir<\/strong>. Al llarg de la setmana pr\u00f2xima s&#8217;informar\u00e0 del lloc i horari definitiu de la jornada.<\/p>\n<p>Podran ser <strong>benefici\u00e0ries<\/strong> d&#8217;aquestes ajudes totes les societats musicals inscrites i registrades com a associacions o fundacions sense \u00e0nim de lucre la finalitat de les quals siga la divulgaci\u00f3 i promoci\u00f3 cultural de la m\u00fasica; que estiguen ubicades dins de la Comunitat Valenciana; y que formen part de la Federaci\u00f3 de Societats Musicals de la Comunitat Valenciana.<\/p>\n<p>Les subvencions contribuiran al <strong>finan\u00e7ament parcial de l&#8217;adquisici\u00f3 i reposici\u00f3 d&#8217;instruments<\/strong> fins a un <strong>m\u00e0xim del 50% de les despeses<\/strong> subvencionables, i en cap cas aquest import ser\u00e0 superior a 10.000 euros. Els sol\u00b7licitants hauran de presentar un <strong>projecte<\/strong> detallat de l&#8217;adquisici\u00f3 per a la qual es sol\u00b7licita l&#8217;ajuda, especificant marques, models i caracter\u00edstiques t\u00e8cniques. A m\u00e9s, si el pressupost \u00e9s superior a 6.000 euros, s&#8217;haur\u00e0 d&#8217;adjuntar com a m\u00ednim tres propostes m\u00e9s de pressupostos diferents pel total dels instruments, de tres empreses suministradores. A m\u00e9s, la societat musical haur\u00e0 d&#8217;acreditar mitjan\u00e7ant declaraci\u00f3 responsable que la entitat disposa de <strong>recursos propis suficients per sufragar al menys el 50%<\/strong> de la despesa total.<\/p>\n<p>Les <strong>sol\u00b7licituds<\/strong> hauran d&#8217;enviar-se <strong>abans del 21 d&#8217;abril<\/strong> (30 dies naturals a comptar des de hui), i dirigir-se a la seu de CulturArts Generalitat (Pla\u00e7a Viriato s\/n, Val\u00e8ncia). Les persones jur\u00eddiques i entitats hauran de fer la tramesa de la sol\u00b7licitud telem\u00e0ticament (necessitaran signatura electr\u00f2nica), mitjan\u00e7ant la seu electr\u00f2nica de la Generalitat, PROP, a la url\u00a0<a href=\"https:\/\/www.culturartsgeneralitat.es\" target=\"_blank\" rel=\"noopener\">https:\/\/www.culturartsgeneralitat.es<\/a>.<\/p>\n<p>Una vegada tancat el termini de sol\u00b7licitud, que finalitzar\u00e0 el 21 d&#8217;abril, la Conselleria disposa de sis mesos per resoldre la <strong>concessi\u00f3 de les ajudes, en funci\u00f3 de la valoraci\u00f3 del projecte amb un m\u00e0xim de 100 punts<\/strong> que s&#8217;atorgaran en funci\u00f3 de la necessitat per a la societat musical d&#8217;adquirir instruments, les caracter\u00edstiques d&#8217;aquests, la mem\u00f2ria d&#8217;activitats musicals i pedag\u00f2giques dels dos cursos anteriors i el nivell de participaci\u00f3 en la FSMCV, a m\u00e9s de l&#8217;inter\u00e9s cultural del projecte d&#8217;adquisici\u00f3, a on es valorar\u00e0 la seua adequaci\u00f3 a la realitat sociocultural i situaci\u00f3 econ\u00f2mica del territori on s&#8217;ubique la societat musical tenint en compte el criteri de poblaci\u00f3.<\/p>\n<p>Consulta el <a href=\"http:\/\/fsmcv.org\/BTnet-storage\/wp-uploads\/2017\/03\/2017_2116.pdf\">PDF de la convocat\u00f2ria (DOGV n\u00fam. 8005, 22\/03\/2017)<\/a><\/p>\n","protected":false},"excerpt":{"rendered":"<p>La FSMCV organitzar\u00e0 una jornada informativa sobre aquesta convocat\u00f2ria el pr\u00f2xim 8 d&#8217;abril, en lloc i horari del qual s&#8217;informar\u00e0 la propera setmana. El termini per sol\u00b7licitar les ajudes finalitzar\u00e0 el dia 21 d&#8217;abril.<\/p>\n","protected":false},"author":2,"featured_media":0,"comment_status":"closed","ping_status":"closed","sticky":false,"template":"","format":"standard","meta":{"footnotes":""},"categories":[10],"tags":[],"class_list":["post-4152","post","type-post","status-publish","format-standard","hentry","category-musica-a-la-llum"],"_links":{"self":[{"href":"https:\/\/fsmcv.org\/vl\/wp-json\/wp\/v2\/posts\/4152","targetHints":{"allow":["GET"]}}],"collection":[{"href":"https:\/\/fsmcv.org\/vl\/wp-json\/wp\/v2\/posts"}],"about":[{"href":"https:\/\/fsmcv.org\/vl\/wp-json\/wp\/v2\/types\/post"}],"author":[{"embeddable":true,"href":"https:\/\/fsmcv.org\/vl\/wp-json\/wp\/v2\/users\/2"}],"replies":[{"embeddable":true,"href":"https:\/\/fsmcv.org\/vl\/wp-json\/wp\/v2\/comments?post=4152"}],"version-history":[{"count":0,"href":"https:\/\/fsmcv.org\/vl\/wp-json\/wp\/v2\/posts\/4152\/revisions"}],"wp:attachment":[{"href":"https:\/\/fsmcv.org\/vl\/wp-json\/wp\/v2\/media?parent=4152"}],"wp:term":[{"taxonomy":"category","embeddable":true,"href":"https:\/\/fsmcv.org\/vl\/wp-json\/wp\/v2\/categories?post=4152"},{"taxonomy":"post_tag","embeddable":true,"href":"https:\/\/fsmcv.org\/vl\/wp-json\/wp\/v2\/tags?post=4152"}],"curies":[{"name":"wp","href":"https:\/\/api.w.org\/{rel}","templated":true}]}}