{"id":4163,"date":"2017-03-24T08:38:31","date_gmt":"2017-03-24T07:38:31","guid":{"rendered":"http:\/\/fsmcv.org\/?post_type=fsmcv-noticias&#038;p=4163"},"modified":"2020-09-27T18:17:15","modified_gmt":"2020-09-27T18:17:15","slug":"la-unio-musical-utielana-celebra-el-concert-de-primavera","status":"publish","type":"post","link":"https:\/\/fsmcv.org\/vl\/noticies-campanyes\/musica-a-la-llum\/la-unio-musical-utielana-celebra-el-concert-de-primavera\/","title":{"rendered":"La Uni\u00f3 Musical Utielana celebra el Concert de Primavera"},"content":{"rendered":"<p>La Uni\u00f3 Musical Utielana d&#8217;Utiel ultima els detalls per celebrar l&#8217;arribada de la Primavera, amb un concert especial que s&#8217;interpretar\u00e0 al Teatre Rambal el pr\u00f2xim dissabte 25 de mar\u00e7 a les 19:30 hores.<\/p>\n<p>L&#8217;agrupaci\u00f3 musical interpretar\u00e0 un variat programa sota la batuta del mestre Francisco Javier Ros Ortega com a director convidat.<\/p>\n<p>El programa constar\u00e0 de dues parts. A la primera part, s&#8217;interpretaran obres de Ram\u00f3n Garc\u00eda i Soler, Yosuke Fukuda i \u00d3scar Navarro. La segona part contempla la interpretaci\u00f3 d&#8217;obres compostes per Jef Penders, Eric Whitacre, Stephen Melillo i \u00d3scar Navarro.<\/p>\n<p>&nbsp;<\/p>\n<h3>Programa<\/h3>\n<p><strong>I Part<\/strong><\/p>\n<ol>\n<li>Ol\u00e9! Contrabandistas (Pasodoble) &#8230;&#8230;&#8230;&#8230;&#8230;.. Ram\u00f3n Garc\u00eda i Soler<\/li>\n<li>Symphonic Dances &#8230;&#8230;&#8230;&#8230;&#8230;&#8230;&#8230;&#8230;&#8230;&#8230;&#8230;&#8230;&#8230;.. Yosuke Fukuda\n<ol>\n<li>I. Renaissance Dances<\/li>\n<li>II Tango<\/li>\n<li>Hoedown<\/li>\n<li>Spirituals (Bon-Odori-Uta)<\/li>\n<li>Belly Dance<\/li>\n<\/ol>\n<\/li>\n<li>The Fly (La mosca) &#8230;&#8230;&#8230;&#8230;&#8230;&#8230;&#8230;&#8230;&#8230;&#8230;&#8230;&#8230;&#8230;. \u00d3scar Navarro<\/li>\n<\/ol>\n<p><strong>II Part<\/strong><\/p>\n<ol>\n<li>La Primitiva (Pasodoble de Concierto)&#8230;&#8230;&#8230;. Jef Penders<\/li>\n<li>Lux Aurumque &#8230;&#8230;&#8230;&#8230;&#8230;&#8230;&#8230;&#8230;&#8230;&#8230;&#8230;&#8230;&#8230;&#8230;&#8230;.. Eric Whitacre<\/li>\n<li>Godspeed! &#8230;&#8230;&#8230;&#8230;&#8230;&#8230;&#8230;&#8230;&#8230;&#8230;&#8230;&#8230;&#8230;&#8230;&#8230;&#8230;&#8230;&#8230; Stephen Melillo<\/li>\n<li>Libertadores &#8230;&#8230;&#8230;&#8230;&#8230;&#8230;&#8230;&#8230;&#8230;&#8230;&#8230;&#8230;&#8230;&#8230;&#8230;&#8230;.. \u00d3scar Navarro<\/li>\n<\/ol>\n<h3>Francisco Javier Ros Ortega (Director convidat)<\/h3>\n<p>Obt\u00e9 el t\u00edtol Superior de Clarinet al Conservatori Superior de M\u00fasica de M\u00farcia. Obt\u00e9 el Premi d&#8217;Honor Fi de Carrera, i tamb\u00e9 el T\u00edtol de Diplomat Concertista amb la distinci\u00f3 &#8220;Summa Cum Laude&#8221; en Clarinet i Clarinet Baix al Conservatori de Rotterdam amb Walter Boeykens i Hensry Bok.<\/p>\n<p>Ha sigut Clarinet Solista i Clarinet Baix Solista de la &#8220;Gustav Mahler Jugend Orchester\u201d sota la direcci\u00f3 dels Mestres: Claudio Abbado, SeijiOzawa, Pierre Boulez, Franz Welser-M\u00f6st i amb Iv\u00e1n Fischer. Ha sigut Clarinet Baix Solista a la Radio Filharmonisch Orkest Holland sota la direcci\u00f3 d&#8217;Edo de Waart.<\/p>\n<p>&nbsp;<\/p>\n<p>Ha rebut classes magistrals de Direcci\u00f3 d&#8217;Orquestra dels mestres Jean Fournet, Eij Oue y Andris Nelsons. Ha realitzat tamb\u00e9 Cursos de Direcci\u00f3 d&#8217;Orquestra amb els Mestres:\u00a0Jorma Panula, David Zinman, Colin Metters y Howard Griffiths. En 2007, despr\u00e9s d&#8217;una competitiva fase preliminar, \u00e9s seleccionat per a participar en el 50 Concurs Internacional de Joves Directors d&#8217;Orquestra a Besancon (Fran\u00e7a).<\/p>\n<p>Ha dirigit la Orquestra Simf\u00f2nica del Conservatori de Hannover, l&#8217;Ensemble de la Cambra de la\u00a0&#8220;Radio Filharmonisch Orkest Holland&#8221;, la Jove Orquestra de Rotterdam, la Orquestra de Besancon Franche-Comt\u00e9 i la Orquestra de Cambra de Z\u00fcrich.<\/p>\n<p>&nbsp;<\/p>\n<p>Des de 2008 col\u00b7labora freq\u00fcentment amb la Orquestra Simf\u00f2nica &#8220;I Maestri&#8221; de Londres. Des d&#8217;agost de 2009 \u00e9s Director Titular de la Orquestra del Festival de Puigpuyment (Mallorca), i col\u00b7labora amb la Orquestra del Festival de\u00a0Schleswig-Holstein (Alemanya).<\/p>\n<p>En l&#8217;actualitat, ocupa la pla\u00e7a d&#8217;Assistent de Solista Clarinet-Clarinet Baix a la Orquestra de la Comunitat Valenciana &#8220;Palau de les Arts Reina Sofia&#8221; de Val\u00e8ncia, des de la seua creaci\u00f3 en 2006. Des de setembre del 2009 \u00e9s Professor adjunt a la classe de Clarinet del Professor Johannes Peitz, en l&#8217;especialitat de Clarinet Baix a la\u00a0&#8220;Musikhochschule f\u00fcr Musik und Theater&#8221;.<\/p>\n<p>Des de maig del 2011 \u00e9s director art\u00edstic del SWE (Simf\u00f2nic Wind Ensemble), Val\u00e8ncia i des d&#8217;octubre del 2014 Director de l&#8217;Agrupaci\u00f3 Musical de Massarojos (Val\u00e8ncia).<\/p>\n","protected":false},"excerpt":{"rendered":"<p>L&#8217;acte tindr\u00e0 lloc el dissabte 25 de mar\u00e7 a les 19:30 hores al Teatre Rambal d&#8217;Utiel, i comptar\u00e0 amb Francisco Javier Ros Ortega com a director convidat. <\/p>\n","protected":false},"author":2,"featured_media":0,"comment_status":"closed","ping_status":"closed","sticky":false,"template":"","format":"standard","meta":{"footnotes":""},"categories":[10],"tags":[],"class_list":["post-4163","post","type-post","status-publish","format-standard","hentry","category-musica-a-la-llum"],"_links":{"self":[{"href":"https:\/\/fsmcv.org\/vl\/wp-json\/wp\/v2\/posts\/4163","targetHints":{"allow":["GET"]}}],"collection":[{"href":"https:\/\/fsmcv.org\/vl\/wp-json\/wp\/v2\/posts"}],"about":[{"href":"https:\/\/fsmcv.org\/vl\/wp-json\/wp\/v2\/types\/post"}],"author":[{"embeddable":true,"href":"https:\/\/fsmcv.org\/vl\/wp-json\/wp\/v2\/users\/2"}],"replies":[{"embeddable":true,"href":"https:\/\/fsmcv.org\/vl\/wp-json\/wp\/v2\/comments?post=4163"}],"version-history":[{"count":0,"href":"https:\/\/fsmcv.org\/vl\/wp-json\/wp\/v2\/posts\/4163\/revisions"}],"wp:attachment":[{"href":"https:\/\/fsmcv.org\/vl\/wp-json\/wp\/v2\/media?parent=4163"}],"wp:term":[{"taxonomy":"category","embeddable":true,"href":"https:\/\/fsmcv.org\/vl\/wp-json\/wp\/v2\/categories?post=4163"},{"taxonomy":"post_tag","embeddable":true,"href":"https:\/\/fsmcv.org\/vl\/wp-json\/wp\/v2\/tags?post=4163"}],"curies":[{"name":"wp","href":"https:\/\/api.w.org\/{rel}","templated":true}]}}