{"id":4166,"date":"2017-03-24T10:14:17","date_gmt":"2017-03-24T09:14:17","guid":{"rendered":"http:\/\/fsmcv.org\/?post_type=fsmcv-noticias&#038;p=4166"},"modified":"2020-09-27T18:17:21","modified_gmt":"2020-09-27T18:17:21","slug":"les-bandes-juvenils-de-rocafort-tavernes-blanques-al-festival-comarcal-de-lhorta-nord","status":"publish","type":"post","link":"https:\/\/fsmcv.org\/vl\/noticies-campanyes\/musica-a-la-llum\/les-bandes-juvenils-de-rocafort-tavernes-blanques-al-festival-comarcal-de-lhorta-nord\/","title":{"rendered":"Les bandes juvenils de Rocafort i Tavernes Blanques al Festival Comarcal de L&#8217;Horta Nord"},"content":{"rendered":"<p>Este dissabte es celebra a Tavernes Blanques el Festival Comarcal de Bandes Juvenils de L&#8217;Horta Nord, al qual participaran les bandes juveniles de l&#8217;Agrupaci\u00f3 Musical de Rocafort i de l&#8217;Agrupaci\u00f3 Art\u00edstico Musical de Tavernes Blanques.<\/p>\n<p>El concert es celebrar\u00e0 el dissabte 25 de mar\u00e7 a les 19 hores a l&#8217;Escola de M\u00fasica de l&#8217;Agrupaci\u00f3 Art\u00edstico Musical de Tavernes Blanques, dins dels actes programats per la FSMCV de l&#8217;Horta Nord a les Activitats Comarcals.<\/p>\n<h3>Agrupaci\u00f3 Musical de Rocafort<\/h3>\n<p>La fundaci\u00f3 de la primera societat art\u00edstico musical de Rocafort es realitza al 1980 per iniciativa d&#8217;un grup de ve\u00efns del poble i amb el suport de l&#8217;Ajuntament, per\u00f2 no fou fins a 1988 quan la banda ofereix el seu primer concert. Fidel al seu comprom\u00eds de divulgaci\u00f3 de la m\u00fasica, l&#8217;Agrupaci\u00f3 Musical de Rocafort compta amb una Banda Simf\u00f2nica, una banda Juvenil, Banda Senior i fins un grup de Batucada. Les bandes de la societat musical protagonitzen els concerts de Santa Cec\u00edlia i Nadal, i participen en els concerts d&#8217;intercanvi i trobades amb altres societats musicals, a m\u00e9s d&#8217;oferir concerts extraordinaris.<\/p>\n<p>La banda juvenil est\u00e0 formada per m\u00fasics que necessiten adaptar els seus coneixements musicals, adquirits de forma individual, a la interpretaci\u00f3 en conjunt. L&#8217;objectiu \u00e9s que la seua preparaci\u00f3 per a la incorporaci\u00f3 a la banda simf\u00f2nica siga progresiva. \u00c9s per aix\u00f2 que la paraula &#8220;juvenil&#8221; no est\u00e0 relacionada amb l&#8217;edat de l&#8217;educand sin\u00f3 amb la seua experi\u00e8ncia amb l&#8217;instrument triat.<\/p>\n<p>La banda juvenil de l&#8217;Agrupaci\u00f3 Musical de Rocafort es va fundar el 2003 i des de 2006 est\u00e0 dirigida per Juan Jos\u00e9 Catal\u00e1 Borr\u00e1s. Juanjo va iniciar els seus estudis musicals al Centre Art\u00edstico Musical de Moncada amb el professors Salvador Tarras\u00f3. Va estudiar tromb\u00f3 de vares al Conservatori de M\u00fasica Joaqu\u00edn Rodrigo de Val\u00e8ncia i al Conservatori Superior de M\u00fasica de Salamanca, amb Jos\u00e9 \u00c1lvaro Mart\u00ednez.<\/p>\n<p>Ha realitzat diversos cursos de t\u00e8cnica i interpretaci\u00f3, aix\u00ed com de direcci\u00f3 de banda i an\u00e0lisi musical. Es forma en direcci\u00f3 de banda i orquestra a l&#8217;Escola Comarcal de M\u00fasica de la Vall d&#8217;Albaida entre els anys 2004 i 2008. Contin\u00faa en l&#8217;actualitat els seus estudis a l&#8217;Escola de Direcci\u00f3 d&#8217;Orquestra i Banda Maestro Navarro Lara.<\/p>\n<p>Ha dirigit la Banda Juvenil de la Uni\u00f3 Musical i Cultural d&#8217;Altura i la Banda del Centre Instructiu Musical Banda Parroquial de Torrefiel. Actualment \u00e9s director titular de les Bandes Simf\u00f2niques de la Uni\u00f3 Musical de la Pobla de Farnals i de l&#8217;Agrupaci\u00f3 Musical de Rocafort, activitat que compagina amb la doc\u00e8ncia a les escoles de m\u00fasica de la Uni\u00f3 Musical de Museros, Uni\u00f3 Musical de la Pobla de Farnals, l&#8217;Agrupaci\u00f3 Musical de Patraix, la Societat Musical de Sogorb i l&#8217;Agrupaci\u00f3 Musical de Rocafort, sent d&#8217;aquesta \u00faltima director de l&#8217;Escola de M\u00fasica.<\/p>\n<h3>Agrupaci\u00f3 Art\u00edstico Musical de Tavernes Blanques<\/h3>\n<p>L&#8217;Agrupaci\u00f3 Art\u00edstico Musical de Tavernes Blanques es va fundar l&#8217;any 1972. Malgrat que la seua fundaci\u00f3 va tindre lloc a comen\u00e7ament d&#8217;any, la gran il\u00b7lusi\u00f3 i el tes\u00f3 que van mostrar els seus primers components fou clau en la gran evoluci\u00f3 que va experimentar en poques setmanes. Per a juliol d&#8217;eixe mateix any, l&#8217;Agrupaci\u00f3 Art\u00edstico Musical de Tavernes Blanques es trovaba ja en disposici\u00f3 de donar el seu primer concert. Conjuntament amb la banda de m\u00fasica, la societat musical va posar en marxa l&#8217;escola d&#8217;educands, que resultaria clau per a l&#8217;ampliaci\u00f3 dels coneixements musicals de tots els seus integrants, aix\u00ed com per a cridar l&#8217;atenci\u00f3 de tants joves ve\u00efns de Tavernes Blanques que van comen\u00e7ar la seua aventura musical gr\u00e0cies a l&#8217;escola. Des de la seua fundaci\u00f3, la banda titular de l&#8217;AMM Tavernes Blanques ha cultivat innombrables premis i realitzat importants actuacions a nivell nacional i internacional. En l&#8217;actualitat, l&#8217;AAM de Tavernes Blanques compta amb 450 socis.<\/p>\n<p>La banda juvenil de l&#8217;AAM de Tavernes Blanque es va fundar en 1998 i el seu director \u00e9s Javier Monle\u00f3n R\u00f3denas. Ofereix diversos concerts a l&#8217;any, a m\u00e9s de participar en els actes comarcals organitzats per la Federaci\u00f3 de Societats Musicals de l&#8217;Horta Nord. Constitueix una magn\u00edfica escola pr\u00e0ctica per als m\u00fasics que m\u00e9s tard s&#8217;integren a la banda titular.\u00a0Est\u00e0 composta per uns 30 m\u00fasics, dels quals 24 participaran al concert del dissabte.<\/p>\n<p>Javier Monle\u00f3n R\u00f3denas naix a Val\u00e8ncia i als 6 anys comen\u00e7a a tocar la bandurria. Als 8 anys forma part de l&#8217;Orquestra de Plectro de Val\u00e8ncia, amb la qual realitzar nombrosos concerts sota la direcci\u00f3 del guitarrista Miguel \u00c1ngel Chap\u00ed. A eixa mateixa edat comen\u00e7a els seus estudis al Conservatori de Val\u00e8ncia, a on m\u00e9s tard obt\u00e9 el t\u00edtol de professor en l&#8217;especialitat de trompeta amb Vicente Campos i Leopoldo Vidal.<\/p>\n<p>En l&#8217;any 1986 comen\u00e7a a impartir classes de solfeig i instrument musical a la Societat Musical &#8220;La Lira&#8221; de Titaguas. Durant els anys 1989 a 1993 realitza la carrera de Magisteri, obtenint el t\u00edtol de Mestre especialista en educaci\u00f3 infantil. En l&#8217;any 1994 comen\u00e7a a treballar en l&#8217;escola de m\u00fasica de l&#8217;Agrupaci\u00f3 Art\u00edstico Musical de Tavernes Blanques com a professor de Llenguatge Musical i Trompeta. Aix\u00ed mateix, en juliol del 1997 aprova les oposicions al cos de mestres en l&#8217;especialitat d&#8217;educaci\u00f3 musical.<\/p>\n<p>En l&#8217;actualitat, col\u00b7labora amb la Rondalla de Titaguas, \u00e9s professor de llenguatge musical, trompeta i director del Conjunt Instrumental i del Grup Instrumental d&#8217;Adults a l&#8217;escola de m\u00fasica de l&#8217;Agrupaci\u00f3 Art\u00edstico Musical de Tavernes Blanques, director i professor especialista en Educaci\u00f3 Musical del Col\u00b7legi P\u00fablic Jos\u00e9 Senent de Massarojos i director de la banda juvenil de la Societat Musical &#8220;La Lira&#8221; de Titaguas.<\/p>\n","protected":false},"excerpt":{"rendered":"<p>Este dissabte 25 de mar\u00e7 a les 19h, Tavernes Blanques acollir\u00e0 el Festival Comarcal de Bandes Juvenils de l&#8217;Horta Nord dins del programa d&#8217;Activitats Comarcals de la FSMCV de l&#8217;Horta Nord.<\/p>\n","protected":false},"author":2,"featured_media":0,"comment_status":"closed","ping_status":"closed","sticky":false,"template":"","format":"standard","meta":{"footnotes":""},"categories":[10],"tags":[],"class_list":["post-4166","post","type-post","status-publish","format-standard","hentry","category-musica-a-la-llum"],"_links":{"self":[{"href":"https:\/\/fsmcv.org\/vl\/wp-json\/wp\/v2\/posts\/4166","targetHints":{"allow":["GET"]}}],"collection":[{"href":"https:\/\/fsmcv.org\/vl\/wp-json\/wp\/v2\/posts"}],"about":[{"href":"https:\/\/fsmcv.org\/vl\/wp-json\/wp\/v2\/types\/post"}],"author":[{"embeddable":true,"href":"https:\/\/fsmcv.org\/vl\/wp-json\/wp\/v2\/users\/2"}],"replies":[{"embeddable":true,"href":"https:\/\/fsmcv.org\/vl\/wp-json\/wp\/v2\/comments?post=4166"}],"version-history":[{"count":0,"href":"https:\/\/fsmcv.org\/vl\/wp-json\/wp\/v2\/posts\/4166\/revisions"}],"wp:attachment":[{"href":"https:\/\/fsmcv.org\/vl\/wp-json\/wp\/v2\/media?parent=4166"}],"wp:term":[{"taxonomy":"category","embeddable":true,"href":"https:\/\/fsmcv.org\/vl\/wp-json\/wp\/v2\/categories?post=4166"},{"taxonomy":"post_tag","embeddable":true,"href":"https:\/\/fsmcv.org\/vl\/wp-json\/wp\/v2\/tags?post=4166"}],"curies":[{"name":"wp","href":"https:\/\/api.w.org\/{rel}","templated":true}]}}