{"id":4176,"date":"2017-03-24T17:03:59","date_gmt":"2017-03-24T16:03:59","guid":{"rendered":"http:\/\/fsmcv.org\/?post_type=fsmcv-noticias&#038;p=4176"},"modified":"2020-09-27T18:17:44","modified_gmt":"2020-09-27T18:17:44","slug":"las-sociedades-musicales-de-bunol-cullera-y-lliria-presentan-su-ciclo-de-conciertos-tres-bandas","status":"publish","type":"post","link":"https:\/\/fsmcv.org\/vl\/noticies-campanyes\/musica-a-la-llum\/las-sociedades-musicales-de-bunol-cullera-y-lliria-presentan-su-ciclo-de-conciertos-tres-bandas\/","title":{"rendered":"Les societats musicals de Bunyol, Cullera i Ll\u00edria presenten el seu cicle de &#8220;Concerts a Tres Bandes&#8221;"},"content":{"rendered":"<p><iframe width=\"560\" height=\"315\" src=\"https:\/\/www.youtube.com\/embed\/ccJTRSM0KFY\" frameborder=\"0\" allowfullscreen><\/iframe><\/p>\n<p>Aquest divendres a les 12 hores ha tingut lloc la presentaci\u00f3 del Cicle Anual &#8220;Concerts a Tres Bandes&#8221; organitzat per les Societats Musicals de Bunyol, Cullera i Ll\u00edria i que ha comptat amb la pres\u00e8ncia del President de les Corts Valencianes, Enric Morera, el Vicepresident segon de la Diputaci\u00f3 de Val\u00e8ncia, Toni Gaspar, els alcaldes de les tres localitats, els presidents de les 6 Societats Musicals i del president de la FSMCV com mantenidor de l&#8217;acte.<\/p>\n<p>El Centre Instructiu Musical &#8220;L&#8217;Harm\u00f2nica&#8221; i la Societat Musical &#8220;L&#8217;Art\u00edstica&#8221; de Bunyol, l&#8217;Ateneu Musical i la Societat Musical Instructiva &#8220;Santa Cec\u00edlia&#8221; de Cullera i la Uni\u00f3 Musical i l&#8217;Ateneu Musical i d&#8217;Ensenyament Banda Primitiva de Ll\u00edria, les Societats participants en el projecte, estan reconegudes entre les millors orquestres de vent del m\u00f3n.<\/p>\n<p>Aquest projecte pret\u00e9n convertir-se en un cicle anual que incloga una s\u00e8rie de concerts conjunts en els tres municipis, en els quals participaran una banda de cada localitat.<\/p>\n<p>En la presentaci\u00f3 Jose Vicente Pedrola, president de la Uni\u00f3 Musical de Lliria i de la nova entitat que agrupa a aquestes 6 Societats Musicals ha ressaltat que aquest projecte &#8220;potenciar\u00e0 la m\u00fasica de les bandes valencianes en el m\u00f3n pel repte que suposa l&#8217;enfrontar-se bandes d&#8217;aquesta qualitat&#8221;.<\/p>\n<p><img fetchpriority=\"high\" decoding=\"async\" class=\"alignnone size-large wp-image-4178\" src=\"http:\/\/fsmcv.org\/BTnet-storage\/wp-uploads\/2017\/03\/WhatsApp-Image-2017-03-24-at-13.40.59-1024x768.jpeg\" alt=\"\" width=\"1024\" height=\"768\" title=\"\"><\/p>\n<p>El president de la FSMCV, Pedro Rodr\u00edguez ha ressaltat la import\u00e0ncia de la implicaci\u00f3 dels ajuntaments de les tres localitats en el projecte, &#8220;la capacitat que podrien tenir aquestes entitats d&#8217;obrir el nostre col\u00b7lectiu al m\u00f3n&#8221; i el potencial d&#8217;aquesta uni\u00f3 per a, lluny de provocar inquietud en altres societats musicals, tenir efectes &#8220;dinamitzadors de noves oportunitats per a la resta del col\u00b7lectiu&#8221;. En conclusi\u00f3, un projecte que el propi president ha definit com &#8220;un \u00e8xit segur&#8221;.<\/p>\n<p>La gira musical \u2018A tres bandes\u2019 comen\u00e7ar\u00e0 al juliol a Cullera, continuar\u00e0 amb un segon macroconcert a Ll\u00edria en el mes d&#8217;octubre, i completar\u00e0 la seua primera ronda a Bunyol ja en 2018.<\/p>\n<div style=\"background:#C70540;color:white;margin:10px 0;padding:10px;width:350px;text-align:center;\"><a href=\"http:\/\/fsmcv.org\/BTnet-storage\/wp-uploads\/2017\/03\/Discurso-presentacion-ciclo-2017-.pdf\" style=\"color:white!Important\" target=\"_blank\" rel=\"noopener noreferrer\">Discurs sencer del President de la FSMCV<\/a><\/div>\n","protected":false},"excerpt":{"rendered":"<p>L&#8217;acte ha tingut lloc aquest divendres a les 12 hores en la CC La Benefic\u00e8ncia de Val\u00e8ncia i ha comptat amb el president de la FSMCV Pedro Rodr\u00edguez com &#8220;mantenidor&#8221; de l&#8217;acte.<\/p>\n","protected":false},"author":2,"featured_media":0,"comment_status":"closed","ping_status":"closed","sticky":false,"template":"","format":"standard","meta":{"footnotes":""},"categories":[10],"tags":[],"class_list":["post-4176","post","type-post","status-publish","format-standard","hentry","category-musica-a-la-llum"],"_links":{"self":[{"href":"https:\/\/fsmcv.org\/vl\/wp-json\/wp\/v2\/posts\/4176","targetHints":{"allow":["GET"]}}],"collection":[{"href":"https:\/\/fsmcv.org\/vl\/wp-json\/wp\/v2\/posts"}],"about":[{"href":"https:\/\/fsmcv.org\/vl\/wp-json\/wp\/v2\/types\/post"}],"author":[{"embeddable":true,"href":"https:\/\/fsmcv.org\/vl\/wp-json\/wp\/v2\/users\/2"}],"replies":[{"embeddable":true,"href":"https:\/\/fsmcv.org\/vl\/wp-json\/wp\/v2\/comments?post=4176"}],"version-history":[{"count":0,"href":"https:\/\/fsmcv.org\/vl\/wp-json\/wp\/v2\/posts\/4176\/revisions"}],"wp:attachment":[{"href":"https:\/\/fsmcv.org\/vl\/wp-json\/wp\/v2\/media?parent=4176"}],"wp:term":[{"taxonomy":"category","embeddable":true,"href":"https:\/\/fsmcv.org\/vl\/wp-json\/wp\/v2\/categories?post=4176"},{"taxonomy":"post_tag","embeddable":true,"href":"https:\/\/fsmcv.org\/vl\/wp-json\/wp\/v2\/tags?post=4176"}],"curies":[{"name":"wp","href":"https:\/\/api.w.org\/{rel}","templated":true}]}}