{"id":4196,"date":"2017-03-27T12:55:33","date_gmt":"2017-03-27T10:55:33","guid":{"rendered":"http:\/\/fsmcv.org\/?post_type=fsmcv-noticias&#038;p=4196"},"modified":"2020-09-27T18:18:24","modified_gmt":"2020-09-27T18:18:24","slug":"la-banda-de-educandos-de-la-artistica-de-novelda-celebra-25-anos-con-un-concierto-especial","status":"publish","type":"post","link":"https:\/\/fsmcv.org\/vl\/noticies-campanyes\/musica-a-la-llum\/la-banda-de-educandos-de-la-artistica-de-novelda-celebra-25-anos-con-un-concierto-especial\/","title":{"rendered":"La Banda d&#8217;Educands de l&#8217;Art\u00edstica de Novelda celebra 25 anys amb un concert especial"},"content":{"rendered":"<p>El pr\u00f2xim 2 d&#8217;abril a les 12 hores, la Uni\u00f3 Musical La Art\u00edstica de Novelda oferir\u00e0 un concert per celebrar els 25 anys de la seua Banda d&#8217;Educands que tindr\u00e0 lloc al Centre C\u00edvic i Social de la localitat alacantina.<\/p>\n<p>Fou en 1992 quan aquesta entitat va decidir crear una banda juvenil per a completar la formaci\u00f3 dels educands de l&#8217;Escola de M\u00fasica abans d&#8217;entrar a formar part de la Banda. Aquesta formaci\u00f3 es va presentar al p\u00fablic de Novelda en un concert que va tindre lloc el 19 de juny de 1993 a la Glorieta. Amb la posterior incorporaci\u00f3 d&#8217;adults a l&#8217;escola i per tant tamb\u00e9 a la banda, l&#8217;agrupaci\u00f3 va passar a denominar-se Banda d&#8217;Educands.<\/p>\n<p>El concert commemoratiu constar\u00e0 de dues parts. A la primera part participaran com a convidats tots els directors amb qu\u00e8 ha comptat la Banda d&#8217;Educands de La Art\u00edstica durant estos 25 anys: Jos\u00e9 Antonio P\u00e9rez Botella, Antonio Moreno Belda, Juan Francisco Sell\u00e9s Mu\u00f1oz i M\u00aa del Rosario Soria Navarro.<\/p>\n<p>La segona part, per altra banda, sota la batuta del director de la banda Jos\u00e9 Mar\u00eda Navarro Forni\u00e9s, oferir\u00e0 obres amb la participaci\u00f3 de diferents solistes: Alejandro S\u00e1nchez, Francesc Cano, Rafael Salinero, Aitana Tevar, Claudia Galiano, Marina Navarro, Pablo Mira i Santiago Galiano.<\/p>\n","protected":false},"excerpt":{"rendered":"<p>El concert es celebrar\u00e0 al Centre C\u00edvic i Social de Novelda el pr\u00f2xim 2 d&#8217;abril a les 12 hores, a on participaran com a convidats tots els directors que han passat per aquesta agrupaci\u00f3 en este primer quart de segle d&#8217;exist\u00e8ncia de la banda.<\/p>\n","protected":false},"author":2,"featured_media":0,"comment_status":"closed","ping_status":"closed","sticky":false,"template":"","format":"standard","meta":{"footnotes":""},"categories":[10],"tags":[],"class_list":["post-4196","post","type-post","status-publish","format-standard","hentry","category-musica-a-la-llum"],"_links":{"self":[{"href":"https:\/\/fsmcv.org\/vl\/wp-json\/wp\/v2\/posts\/4196","targetHints":{"allow":["GET"]}}],"collection":[{"href":"https:\/\/fsmcv.org\/vl\/wp-json\/wp\/v2\/posts"}],"about":[{"href":"https:\/\/fsmcv.org\/vl\/wp-json\/wp\/v2\/types\/post"}],"author":[{"embeddable":true,"href":"https:\/\/fsmcv.org\/vl\/wp-json\/wp\/v2\/users\/2"}],"replies":[{"embeddable":true,"href":"https:\/\/fsmcv.org\/vl\/wp-json\/wp\/v2\/comments?post=4196"}],"version-history":[{"count":0,"href":"https:\/\/fsmcv.org\/vl\/wp-json\/wp\/v2\/posts\/4196\/revisions"}],"wp:attachment":[{"href":"https:\/\/fsmcv.org\/vl\/wp-json\/wp\/v2\/media?parent=4196"}],"wp:term":[{"taxonomy":"category","embeddable":true,"href":"https:\/\/fsmcv.org\/vl\/wp-json\/wp\/v2\/categories?post=4196"},{"taxonomy":"post_tag","embeddable":true,"href":"https:\/\/fsmcv.org\/vl\/wp-json\/wp\/v2\/tags?post=4196"}],"curies":[{"name":"wp","href":"https:\/\/api.w.org\/{rel}","templated":true}]}}