{"id":4199,"date":"2017-03-27T15:12:43","date_gmt":"2017-03-27T13:12:43","guid":{"rendered":"http:\/\/fsmcv.org\/?post_type=fsmcv-noticias&#038;p=4199"},"modified":"2020-09-27T18:18:31","modified_gmt":"2020-09-27T18:18:31","slug":"la-banda-juvenil-de-la-union-musical-de-villar-del-arzobispo-dedica-el-concierto-de-primavera-valencia-y-sus-compositores","status":"publish","type":"post","link":"https:\/\/fsmcv.org\/vl\/noticies-campanyes\/musica-a-la-llum\/la-banda-juvenil-de-la-union-musical-de-villar-del-arzobispo-dedica-el-concierto-de-primavera-valencia-y-sus-compositores\/","title":{"rendered":"La banda juvenil de la Uni\u00f3 Musical de Villar del Arzobispo dedica el concert de primavera &#8220;A Val\u00e8ncia i els seus compositors&#8221;"},"content":{"rendered":"<p>La banda juvenil de la Uni\u00f3 Musical Santa Cecilia de Villar del Arzobispo oferir\u00e0 el seu tradicional concert de primavera el pr\u00f2xim dissabte 1 d&#8217;abril a les 19 hores al Sal\u00f3 de Concerts de la entitat.<\/p>\n<p>Sota l&#8217;ep\u00edgraf &#8220;A Val\u00e8ncia i els seus compositors&#8221;, la formaci\u00f3 que dirigeix Jos\u00e9 Cava Pamblanco interpretar\u00e0 un programa integrat per obres de compositors valencians a qui es vol retre un xicotet homenatge.<\/p>\n<p>El concert comen\u00e7ar\u00e0 amb el pasdoble\u00a0<em>Valencianeta\u00a0<\/em> de Luis Mart\u00ed Alegre i continuar\u00e0 amb la marxa cristiana\u00a0<em>Caballeros de Navarra<\/em> de Ignacio S\u00e1nchez i\u00a0<em>Don Gil de Alcal\u00e1<\/em> (fantasia de l&#8217;\u00f2pera &#8211; acte segon) de Manuel Penella Moreno.<\/p>\n<p>Ja a la segona part, es podr\u00e0 escoltar el conegut pasdoble\u00a0<em>Paquito el chocolatero\u00a0<\/em>de Gustavo Pascual Falc\u00f3, la marxa mora\u00a0<em>Caravana\u00a0<\/em>de Pedro Joaqu\u00edn Franc\u00e9s i\u00a0<em>Rapsodia Valenciana\u00a0<\/em>de Manuel Penella Moreno.<\/p>\n<p>Per concloure el concert, els m\u00fasics de la banda juvenil interpretaran l&#8217;<em>Himne regional<\/em> amb m\u00fasica del mestre Jos\u00e9 Serrano i lletra de Maximiliano Thous.<\/p>\n<p>Tot un repertori valenci\u00e0 amb qu\u00e8 l&#8217;agrupaci\u00f3 dona la benvinguda a la primavera i prepara les cites musicals que t\u00e9 programades per als pr\u00f2xims mesos.<\/p>\n","protected":false},"excerpt":{"rendered":"<p>El concert ser\u00e0 el pr\u00f2xim dissabte 1 d&#8217;abril a les 19h sota la direcci\u00f3 de Jos\u00e9 Cava Pamblanco. \u00c9s el primer concert que l&#8217;agrupaci\u00f3 juvenil ofereix este 2017.<\/p>\n","protected":false},"author":2,"featured_media":0,"comment_status":"closed","ping_status":"closed","sticky":false,"template":"","format":"standard","meta":{"footnotes":""},"categories":[10],"tags":[],"class_list":["post-4199","post","type-post","status-publish","format-standard","hentry","category-musica-a-la-llum"],"_links":{"self":[{"href":"https:\/\/fsmcv.org\/vl\/wp-json\/wp\/v2\/posts\/4199","targetHints":{"allow":["GET"]}}],"collection":[{"href":"https:\/\/fsmcv.org\/vl\/wp-json\/wp\/v2\/posts"}],"about":[{"href":"https:\/\/fsmcv.org\/vl\/wp-json\/wp\/v2\/types\/post"}],"author":[{"embeddable":true,"href":"https:\/\/fsmcv.org\/vl\/wp-json\/wp\/v2\/users\/2"}],"replies":[{"embeddable":true,"href":"https:\/\/fsmcv.org\/vl\/wp-json\/wp\/v2\/comments?post=4199"}],"version-history":[{"count":0,"href":"https:\/\/fsmcv.org\/vl\/wp-json\/wp\/v2\/posts\/4199\/revisions"}],"wp:attachment":[{"href":"https:\/\/fsmcv.org\/vl\/wp-json\/wp\/v2\/media?parent=4199"}],"wp:term":[{"taxonomy":"category","embeddable":true,"href":"https:\/\/fsmcv.org\/vl\/wp-json\/wp\/v2\/categories?post=4199"},{"taxonomy":"post_tag","embeddable":true,"href":"https:\/\/fsmcv.org\/vl\/wp-json\/wp\/v2\/tags?post=4199"}],"curies":[{"name":"wp","href":"https:\/\/api.w.org\/{rel}","templated":true}]}}