{"id":4202,"date":"2017-03-27T16:35:32","date_gmt":"2017-03-27T14:35:32","guid":{"rendered":"http:\/\/fsmcv.org\/?post_type=fsmcv-noticias&#038;p=4202"},"modified":"2020-09-27T18:18:38","modified_gmt":"2020-09-27T18:18:38","slug":"la-asociacion-musica-joven-de-benimaclet-y-la-sociedad-recreativa-de-altea-la-vella-en-el-festival-de-bandas-el-bemol-de-galapagar","status":"publish","type":"post","link":"https:\/\/fsmcv.org\/vl\/noticies-campanyes\/musica-a-la-llum\/la-asociacion-musica-joven-de-benimaclet-y-la-sociedad-recreativa-de-altea-la-vella-en-el-festival-de-bandas-el-bemol-de-galapagar\/","title":{"rendered":"L&#8217;Associaci\u00f3 M\u00fasica Jove de Benimaclet i la Societat Recreativa d&#8217;Altea la Vella al Festival de Bandes el Bemol de Galapagar"},"content":{"rendered":"<p>La banda de l&#8217;Associaci\u00f3 M\u00fasica Jove de Benimaclet (Val\u00e8ncia) i la Societat Recreativa Musical d&#8217;Altea la Vella (Alacant) participen este cap de setmana al IV Festival de Bandes El Bemol de Galapagar (Madrid).<\/p>\n<p>Aquesta trobada tindr\u00e0 lloc el dissabte 1 d&#8217;abril a les 19 hores al marc del festival organitzat per l&#8217;Asociaci\u00f3n Musical El Bemol de la localitat madrilenya de Galapagar. Els m\u00fasics d&#8217;ambd\u00f3s societats musicals federades compartiran escenari amb la banda amfitriona.<\/p>\n<p>La banda de l&#8217;Associaci\u00f3 M\u00fasica Jove, dirigida per Enrique Barrachina, presentar\u00e0 un programa que comen\u00e7ar\u00e0 amb el pasdoble\u00a0<em>Valencia<\/em> de Santiago Lope Gonzalo, i continuar\u00e0 amb l&#8217;obertura\u00a0<em>Infinite horizons<\/em> de Robert Sheldon,\u00a0<em>La ruta del Cid<\/em> de David Rivas i la selecci\u00f3\u00a0<em>Dico lives!<\/em> de diversos autors i arranjaments de Johnnie Vinson.<\/p>\n<p>Per part de la Societat Recreativa d&#8217;Altea, s&#8217;escoltaran obres de Jos\u00e9 R. Pascual Vilaplana, Hugo Chinesta, \u00d2scar Navarro, Ramon Garcia i Soler i Franco Cesarini, entre d&#8217;altres.<\/p>\n<p>&nbsp;<\/p>\n","protected":false},"excerpt":{"rendered":"<p>La trobada tindr\u00e0 lloc el pr\u00f2xim dissabte 1 d&#8217;abril a les 19 hores al Teatre Jacinto Benavente de Galapagar.<\/p>\n","protected":false},"author":2,"featured_media":0,"comment_status":"closed","ping_status":"closed","sticky":false,"template":"","format":"standard","meta":{"footnotes":""},"categories":[10],"tags":[],"class_list":["post-4202","post","type-post","status-publish","format-standard","hentry","category-musica-a-la-llum"],"_links":{"self":[{"href":"https:\/\/fsmcv.org\/vl\/wp-json\/wp\/v2\/posts\/4202","targetHints":{"allow":["GET"]}}],"collection":[{"href":"https:\/\/fsmcv.org\/vl\/wp-json\/wp\/v2\/posts"}],"about":[{"href":"https:\/\/fsmcv.org\/vl\/wp-json\/wp\/v2\/types\/post"}],"author":[{"embeddable":true,"href":"https:\/\/fsmcv.org\/vl\/wp-json\/wp\/v2\/users\/2"}],"replies":[{"embeddable":true,"href":"https:\/\/fsmcv.org\/vl\/wp-json\/wp\/v2\/comments?post=4202"}],"version-history":[{"count":0,"href":"https:\/\/fsmcv.org\/vl\/wp-json\/wp\/v2\/posts\/4202\/revisions"}],"wp:attachment":[{"href":"https:\/\/fsmcv.org\/vl\/wp-json\/wp\/v2\/media?parent=4202"}],"wp:term":[{"taxonomy":"category","embeddable":true,"href":"https:\/\/fsmcv.org\/vl\/wp-json\/wp\/v2\/categories?post=4202"},{"taxonomy":"post_tag","embeddable":true,"href":"https:\/\/fsmcv.org\/vl\/wp-json\/wp\/v2\/tags?post=4202"}],"curies":[{"name":"wp","href":"https:\/\/api.w.org\/{rel}","templated":true}]}}