{"id":4206,"date":"2017-03-27T17:36:49","date_gmt":"2017-03-27T15:36:49","guid":{"rendered":"http:\/\/fsmcv.org\/?post_type=fsmcv-noticias&#038;p=4206"},"modified":"2020-09-27T18:18:45","modified_gmt":"2020-09-27T18:18:45","slug":"el-ayuntamiento-de-segorbe-convoca-el-xxxi-concurso-internacional-de-composicion-coral-juan-bautista-comes","status":"publish","type":"post","link":"https:\/\/fsmcv.org\/vl\/noticies-campanyes\/musica-a-la-llum\/el-ayuntamiento-de-segorbe-convoca-el-xxxi-concurso-internacional-de-composicion-coral-juan-bautista-comes\/","title":{"rendered":"L&#8217;Ajuntament de Segorbe convoca el XXXI Concurs Internacional de Composici\u00f3 Coral &#8220;Juan Bautista Comes&#8221;"},"content":{"rendered":"<p>L&#8217;Ajuntament de Sogorb convoca una nova edici\u00f3 del Concurs Internacional de Composici\u00f3 Coral &#8220;Juan Bautista Comes&#8221; per a obres corals de cor mixt, un certamen que es celebra anualment des de 1985.<\/p>\n<p>Podran formar part del concurs compositors de tots els pa\u00efsos i de totes les tend\u00e8ncies, presentant obres originals i in\u00e8dites que no hagen estat interpretades en p\u00fablic o transmeses per qualsevol mitj\u00e0 de difusi\u00f3, ni tan sols fragment\u00e0riament.<\/p>\n<p>Les composicions hauran de ser per a cor mixt a capella amb text religi\u00f3s en llat\u00ed i amb una durada d&#8217;entre 6 i 9 minuts aproximadament. Les obres hauran de presentar-se abans del 19 de juliol del 2017 a l&#8217;Ajuntament de Sogorb, personalment o per correu ordinari. El guanyador ser\u00e0 reconegut amb un premi de 2.100 euros i la publicaci\u00f3 i estrena de la seua obra.<\/p>\n<p>Podeu consultar les <a href=\"http:\/\/www.jjmmsegorbe.org\/wp-content\/uploads\/2016\/04\/bases_cas17.pdf\" target=\"_blank\" rel=\"noopener\">bases completes del XXXI Concurs Internacional de Composici\u00f3 Coral 2017 ac\u00ed<\/a>.<\/p>\n","protected":false},"excerpt":{"rendered":"<p>Les obres, que hauran de presentar-se abans del 19 de juliol, hauran de ser per a cor mixt a capella amb text religi\u00f3s en llat\u00ed i ajustades a una plantilla de 20 membres, i durar entre 6 i 9 minuts.<\/p>\n","protected":false},"author":2,"featured_media":0,"comment_status":"closed","ping_status":"closed","sticky":false,"template":"","format":"standard","meta":{"footnotes":""},"categories":[10],"tags":[],"class_list":["post-4206","post","type-post","status-publish","format-standard","hentry","category-musica-a-la-llum"],"_links":{"self":[{"href":"https:\/\/fsmcv.org\/vl\/wp-json\/wp\/v2\/posts\/4206","targetHints":{"allow":["GET"]}}],"collection":[{"href":"https:\/\/fsmcv.org\/vl\/wp-json\/wp\/v2\/posts"}],"about":[{"href":"https:\/\/fsmcv.org\/vl\/wp-json\/wp\/v2\/types\/post"}],"author":[{"embeddable":true,"href":"https:\/\/fsmcv.org\/vl\/wp-json\/wp\/v2\/users\/2"}],"replies":[{"embeddable":true,"href":"https:\/\/fsmcv.org\/vl\/wp-json\/wp\/v2\/comments?post=4206"}],"version-history":[{"count":0,"href":"https:\/\/fsmcv.org\/vl\/wp-json\/wp\/v2\/posts\/4206\/revisions"}],"wp:attachment":[{"href":"https:\/\/fsmcv.org\/vl\/wp-json\/wp\/v2\/media?parent=4206"}],"wp:term":[{"taxonomy":"category","embeddable":true,"href":"https:\/\/fsmcv.org\/vl\/wp-json\/wp\/v2\/categories?post=4206"},{"taxonomy":"post_tag","embeddable":true,"href":"https:\/\/fsmcv.org\/vl\/wp-json\/wp\/v2\/tags?post=4206"}],"curies":[{"name":"wp","href":"https:\/\/api.w.org\/{rel}","templated":true}]}}