{"id":4208,"date":"2017-03-28T10:39:56","date_gmt":"2017-03-28T08:39:56","guid":{"rendered":"http:\/\/fsmcv.org\/?post_type=fsmcv-noticias&#038;p=4208"},"modified":"2020-09-27T18:18:49","modified_gmt":"2020-09-27T18:18:49","slug":"lalcaldia-de-castellar-loliveral-convoca-el-ii-certamen-de-bandes-juvenils","status":"publish","type":"post","link":"https:\/\/fsmcv.org\/vl\/noticies-campanyes\/musica-a-la-llum\/lalcaldia-de-castellar-loliveral-convoca-el-ii-certamen-de-bandes-juvenils\/","title":{"rendered":"L&#8217;Alcaldia de Castellar-L&#8217;Oliveral convoca el II Certamen de Bandes Juvenils"},"content":{"rendered":"<p>L&#8217;Alcaldia de Castellar-L&#8217;Oliveral (Val\u00e8ncia) convoca per a l&#8217;any 2017 el II Certamen de Bandes Juvenils de M\u00fasica &#8220;Castellar-L&#8217;Oliveral&#8221;, que es celebrar\u00e0 el diumenge 22 d&#8217;octubre del 2017.<\/p>\n<p>El termini d&#8217;admissi\u00f3 d&#8217;inscripci\u00f3 provisional ja est\u00e0 obert, i romandr\u00e0 obert fins el pr\u00f2xim 2 de juny a les 14h, quedant la facultat de prorrogar aquest per\u00edode en mans del Comit\u00e9 Organitzador creat per l&#8217;Alcaldia.<\/p>\n<p>El nombre m\u00e0xim de bandes juvenils que podran participar en este certamen \u00e9s de tres. Si al llarg del per\u00edode d&#8217;inscripci\u00f3 les bandes sol\u00b7licitants superen este m\u00e0xim, es realitzar\u00e0 un sorteig per garantir que totes les bandes inscrites, independentment de la seua data d&#8217;inscripci\u00f3, tinguen les mateixes oportunitats de participar. El sorteig, si fora el cas, es celebrar\u00e0 el dia 3 de juny a les 12h al Sal\u00f3 Polivalent de &#8220;La Cebera&#8221; (Centre C\u00edvic Castellar-L&#8217;Oliveral) en pres\u00e8ncia dels representants de les bandes inscrites.<\/p>\n<p>&nbsp;<\/p>\n<p>Les sol\u00b7licituds, segons el model que s&#8217;adjunta a les bases del Certamen, es remetran a l&#8217;Alcaldia de Castellar-L&#8217;Oliveral, a la seg\u00fcent adre\u00e7a:<\/p>\n<p>&#8220;La Cebera&#8221; Centre C\u00edvic Castellar-L&#8217;Oliveral<br \/>\nC\/ Poetessa Leonor Perales, 10<br \/>\n46026 Castellar-L&#8217;Oliveral (Val\u00e8ncia)<\/p>\n<p>O b\u00e9 al correu electr\u00f2nic\u00a0<a href=\"mailto:alcaldia@castellar-oliveral.com\">alcaldia@castellar-oliveral.com<\/a><\/p>\n<p>Podeu consultar les\u00a0<a href=\"http:\/\/fsmcv.org\/BTnet-storage\/wp-uploads\/2017\/03\/bases-certamen-castellar-2017.pdf\">bases completas del Certamen ac\u00ed<\/a>.<\/p>\n","protected":false},"excerpt":{"rendered":"<p>El certamen es celebrar\u00e0 el 22 d&#8217;octubre del 2017. Les bandes interessades podran inscriure&#8217;s fins el 2 de juny a les 14h. Podran participar un m\u00e0xim de 3 agrupacions.<\/p>\n","protected":false},"author":2,"featured_media":0,"comment_status":"closed","ping_status":"closed","sticky":false,"template":"","format":"standard","meta":{"footnotes":""},"categories":[10],"tags":[],"class_list":["post-4208","post","type-post","status-publish","format-standard","hentry","category-musica-a-la-llum"],"_links":{"self":[{"href":"https:\/\/fsmcv.org\/vl\/wp-json\/wp\/v2\/posts\/4208","targetHints":{"allow":["GET"]}}],"collection":[{"href":"https:\/\/fsmcv.org\/vl\/wp-json\/wp\/v2\/posts"}],"about":[{"href":"https:\/\/fsmcv.org\/vl\/wp-json\/wp\/v2\/types\/post"}],"author":[{"embeddable":true,"href":"https:\/\/fsmcv.org\/vl\/wp-json\/wp\/v2\/users\/2"}],"replies":[{"embeddable":true,"href":"https:\/\/fsmcv.org\/vl\/wp-json\/wp\/v2\/comments?post=4208"}],"version-history":[{"count":0,"href":"https:\/\/fsmcv.org\/vl\/wp-json\/wp\/v2\/posts\/4208\/revisions"}],"wp:attachment":[{"href":"https:\/\/fsmcv.org\/vl\/wp-json\/wp\/v2\/media?parent=4208"}],"wp:term":[{"taxonomy":"category","embeddable":true,"href":"https:\/\/fsmcv.org\/vl\/wp-json\/wp\/v2\/categories?post=4208"},{"taxonomy":"post_tag","embeddable":true,"href":"https:\/\/fsmcv.org\/vl\/wp-json\/wp\/v2\/tags?post=4208"}],"curies":[{"name":"wp","href":"https:\/\/api.w.org\/{rel}","templated":true}]}}