{"id":4214,"date":"2017-03-28T11:57:39","date_gmt":"2017-03-28T09:57:39","guid":{"rendered":"http:\/\/fsmcv.org\/?post_type=fsmcv-noticias&#038;p=4214"},"modified":"2020-09-27T18:19:05","modified_gmt":"2020-09-27T18:19:05","slug":"la-fsmcv-modificara-els-seus-estatuts-per-fomentar-la-igualtat-entre-homes-dones-en-lambit-musical","status":"publish","type":"post","link":"https:\/\/fsmcv.org\/vl\/noticies-campanyes\/musica-a-la-llum\/la-fsmcv-modificara-els-seus-estatuts-per-fomentar-la-igualtat-entre-homes-dones-en-lambit-musical\/","title":{"rendered":"La FSMCV modificar\u00e0 els seus Estatuts per fomentar la igualtat entre homes i dones en l&#8217;\u00e0mbit musical"},"content":{"rendered":"<p>El pr\u00f2xim <strong>dissabte 1 d&#8217;abril<\/strong>, la Federaci\u00f3 de Societats Musicals de la Comunitat Valenciana (FSMCV) celebrar\u00e0 a <strong>Benicarl\u00f3<\/strong> la seua <strong>primera Assemblea Anual del 2017<\/strong>. Este esdeveniment comptar\u00e0 amb la col\u00b7laboraci\u00f3 de l&#8217;Ajuntament de la localitat i de l&#8217;Associaci\u00f3 Musical &#8220;Ciutat de Benicarl\u00f3&#8221;.<\/p>\n<p>Si b\u00e9 l&#8217;objectiu central d&#8217;aquesta Assemblea \u00e9s l&#8217;<strong>aprovaci\u00f3 dels comptes i de la gesti\u00f3 de la Junta Directiva durant l&#8217;exercici 2016<\/strong>, en aquesta ocasi\u00f3, un dels temes principals ser\u00e0 la presentaci\u00f3 a ratificaci\u00f3 de les finalitats de la entitat amb l&#8217;objectiu d&#8217;incorporar-ne la <strong>defensa de la igualtat d&#8217;oportunitats entre homes i dones en l&#8217;\u00e0mbit musical<\/strong>.<\/p>\n<p>Prova d&#8217;aquest <strong>comprom\u00eds amb la igualtat de g\u00e8nere<\/strong> s\u00f3n els primers pasos que s&#8217;han donat en aquesta \u00e0rea, com la creaci\u00f3 de la Banda de Dones de la FSMCV, el Concert del Dia de la Dona (dirigit i interpretat exclusivament per dones), l&#8217;elaboraci\u00f3 d&#8217;un dec\u00e0leg per impulsar la pres\u00e8ncia i lideratge de la dona en l&#8217;\u00e0mbit musical o la seua participaci\u00f3, de la m\u00e0 de Berklee College of Music, a la jornada &#8220;Women and Conducting&#8221; a on es van analitzar les causes que havien motivat una escassa pres\u00e8ncia de la dona en la direcci\u00f3 musical i es van proposar l\u00ednies d&#8217;actuaci\u00f3 per combatre-ho i fomentar l&#8217;equilibri.<\/p>\n<p>Amb este esdeveniment, que es celebrar\u00e0 a l&#8217;Auditori Municipal &#8220;Pedro Mercader&#8221; i al qual participaran directius de 547 societats musicals, Benicarl\u00f3 es convertir\u00e0 en la capital de la m\u00fasica de la Comunitat Valenciana.<\/p>\n<p>&#8220;Agra\u00efm l&#8217;esfor\u00e7 de l&#8217;Ajuntament i de l&#8217;Associaci\u00f3 Musical Ciutat de Benicarl\u00f3 per poder acollir amb \u00e8xit un esdeveniment com aquest&#8221;, ha manifestat Pedro Rodr\u00edguez, president de la FSMCV.<\/p>\n<p>Consulta l&#8217;<a href=\"http:\/\/fsmcv.org\/BTnet-storage\/wp-uploads\/2017\/03\/AG_FSMCV_Orden-del-Dia_1-abril-2017.pdf\">orde del dia de la Primera Assemblea General 2017 de la FSMCV<\/a>.<\/p>\n","protected":false},"excerpt":{"rendered":"<p>La FSMCV celebrar\u00e0 este dissabte 1 d&#8217;abril la seua primera Assemblea Anual de 2017 a Benicarl\u00f3, esdeveniment en qu\u00e8 es far\u00e0 balan\u00e7 de la gesti\u00f3 i pressupostos del 2016 i es modificaran els Estatuts federals per fomentar la igualtat entre homes i dones en l&#8217;\u00e0mbit musical.<\/p>\n","protected":false},"author":2,"featured_media":0,"comment_status":"closed","ping_status":"closed","sticky":false,"template":"","format":"standard","meta":{"footnotes":""},"categories":[10],"tags":[],"class_list":["post-4214","post","type-post","status-publish","format-standard","hentry","category-musica-a-la-llum"],"_links":{"self":[{"href":"https:\/\/fsmcv.org\/vl\/wp-json\/wp\/v2\/posts\/4214","targetHints":{"allow":["GET"]}}],"collection":[{"href":"https:\/\/fsmcv.org\/vl\/wp-json\/wp\/v2\/posts"}],"about":[{"href":"https:\/\/fsmcv.org\/vl\/wp-json\/wp\/v2\/types\/post"}],"author":[{"embeddable":true,"href":"https:\/\/fsmcv.org\/vl\/wp-json\/wp\/v2\/users\/2"}],"replies":[{"embeddable":true,"href":"https:\/\/fsmcv.org\/vl\/wp-json\/wp\/v2\/comments?post=4214"}],"version-history":[{"count":0,"href":"https:\/\/fsmcv.org\/vl\/wp-json\/wp\/v2\/posts\/4214\/revisions"}],"wp:attachment":[{"href":"https:\/\/fsmcv.org\/vl\/wp-json\/wp\/v2\/media?parent=4214"}],"wp:term":[{"taxonomy":"category","embeddable":true,"href":"https:\/\/fsmcv.org\/vl\/wp-json\/wp\/v2\/categories?post=4214"},{"taxonomy":"post_tag","embeddable":true,"href":"https:\/\/fsmcv.org\/vl\/wp-json\/wp\/v2\/tags?post=4214"}],"curies":[{"name":"wp","href":"https:\/\/api.w.org\/{rel}","templated":true}]}}