{"id":4227,"date":"2017-03-30T10:57:26","date_gmt":"2017-03-30T08:57:26","guid":{"rendered":"http:\/\/fsmcv.org\/?post_type=fsmcv-noticias&#038;p=4227"},"modified":"2020-09-27T18:19:33","modified_gmt":"2020-09-27T18:19:33","slug":"les-arts-y-la-fsmcv-colaboran-en-actividades-de-formacion-divulgacion-y-promocion-musical","status":"publish","type":"post","link":"https:\/\/fsmcv.org\/vl\/noticies-campanyes\/musica-a-la-llum\/les-arts-y-la-fsmcv-colaboran-en-actividades-de-formacion-divulgacion-y-promocion-musical\/","title":{"rendered":"Les Arts i la FSMCV col\u00b7laboren en activitats de formaci\u00f3, divulgaci\u00f3 i promoci\u00f3 musical"},"content":{"rendered":"<p>El Palau de les Arts Reina Sofia i la Federaci\u00f3 de Societats Musicals de la Comunitat Valenciana (FSMCV) col\u00b7laboraran en activitats de formaci\u00f3, divulgaci\u00f3 i promoci\u00f3 musical, segons l&#8217;acord subscrit entre ambd\u00f3s institucions.<\/p>\n<p>L&#8217;acte, que es va presentar ahir pel mat\u00ed al Palau de Les Arts, va comptar amb la pres\u00e8ncia del president de la FSMCV, Pedro Rodr\u00edguez; l&#8217;intendent i director art\u00edstic de Les Arts, Davide Livermore; i el director econ\u00f2mic-administratiu del centre cultural, Francisco Potenciano. A m\u00e9s, este acord compta amb el recolzament de Cultura de la Generalitat.<\/p>\n<p>&nbsp;<\/p>\n<p>Els responsables de Les Arts van voler destacar el gir que s&#8217;est\u00e0 donant a l&#8217;espai &#8220;per tal que siga un referent oper\u00edstic, per\u00f2 tamb\u00e9 per tal de reafirmar l&#8217;ampliaci\u00f3 de la programaci\u00f3 i utilitzaci\u00f3 d&#8217;aquest espai per tots els valencians i valencianes per a altres activitats art\u00edstiques d&#8217;una manera m\u00e9s habitual com \u00e9s este cas, el de la programaci\u00f3 de concerts de les societats musicals valencianes, un dels nostres majors valors art\u00edstics i socials, un moviment de cohesi\u00f3 social important\u00edsim&#8221;.<\/p>\n<p>Per la seua banda, el president de la FSMCV va afirmar que &#8220;estem satisfets amb el conveni que s&#8217;ha signat hui perqu\u00e8 significa que dins de la programaci\u00f3 anual de Les Arts participaran de forma habitual, i amb tots els drets, les societats musicals de la Comunitat Valenciana, clar representant de la nostra cultura&#8221;.<\/p>\n<p>El principal objectiu \u00e9s aunar les potencialitats del complex cultural amb les que ofereix la Federaci\u00f3 amb accions com la promoci\u00f3 de les formacions dependents de les societats musicals mitjan\u00e7ant cicles, audicions i cert\u00e0mens en Les ARts o la difusi\u00f3 entre aquestes de l&#8217;activitat que realitza el centre cultural.<\/p>\n<p>L&#8217;acord contempla, a m\u00e9s, condicions favorables d&#8217;acc\u00e9s a les societats musicals a la programaci\u00f3 habitual de Les Arts, aix\u00ed com l&#8217;obertura a aquest col\u00b7lectiu de sessions de treball de la Orquestra de la Comunitat Valenciana i del Centre Pl\u00e1cido Domingo, a m\u00e9s de assajos generals de les representacions oper\u00edstiques.<\/p>\n<p>&nbsp;<\/p>\n<p>Aix\u00ed mateix, tamb\u00e9 es recull la possible participaci\u00f3 d&#8217;int\u00e8rprets de les societats musicals en la oferta musical de Les Arts i dotaci\u00f3, dins de les possibilitats de l&#8217;enclavament art\u00edstic, d&#8217;infraestructura i recursos per a les trobades de la Jove Banda i de la Jove Orquestra de la FSMCV.<\/p>\n<p>A l&#8217;apartat educatiu, Les Arts i la FSMCV estipulen tamb\u00e9 l&#8217;organitzaci\u00f3 de classes magistrals i altres activitats formatives de primer nivell per al col\u00b7lectiu de les societats musicals vinculat als protagonistes de l&#8217;oferta art\u00edstica de Les Arts.<\/p>\n<p>&nbsp;<\/p>\n<h3>Bandes a Les Arts<\/h3>\n<p>El conveni marc inclou tamb\u00e9 el desenvolupament de les pr\u00f2ximes edicions del cicle &#8220;Les Bandes a Les Arts&#8221;, que anualment acull les instal\u00b7lacions de l&#8217;edifici dissenyat per Santiago Calatrava.<\/p>\n<p>Particularment, ambd\u00f3s institucions convocaran un concurs entre les societats musicals pertanyents a la FSMCV per a que presenten projectes amb qu\u00e8 cobrir, segons el pressupost disponible en cada anualitat, el major nombre d&#8217;espectacles. Una comissi\u00f3 mixta establir\u00e0 el nombre de projectes a exhibir segons la qualitat d&#8217;aquestos i la disponibilitat d&#8217;espais per a presentar-se.<\/p>\n<p>El text inclou, tamb\u00e9, la voluntat d&#8217;integrar en aquest cicle activitats coincidents amb manifestacions festives i culturals del territori valenci\u00e0.<\/p>\n<p>&nbsp;<\/p>\n<h3>Dos referents culturals<\/h3>\n<p>La FSMCV agrupa a 547 societats musicals, amb 40.000 m\u00fasics (el 50% d&#8217;Espanya), 60.000 alumnes, 200.000 socis i 1.686 formacions (1.075 bandes, 174 orquestres, 233 cors, 133 grups de cambra&#8230;).<\/p>\n<p>Les Arts, per la seua banda, sustenta el seu projecte art\u00edstic en el Centre Pl\u00e1cido Domingo, el Cor de la Generalitat i l&#8217;Orquestra de la Comunitat Valenciana, aquesta darrera considerada per la cr\u00edtica com una de les millors formacions del continent. Roberto Abbado i Fabio Biondi s\u00f3n els actuals directors musicals de la OCV, que junt amb Ram\u00f3n Tebar conforma la terna de batutes de refer\u00e8ncia de Les Arts per a les pr\u00f2ximes temporades.<\/p>\n<p>Fins ara, l&#8217;enclavament cultural ha obert les seues portes i espais a bandes en cicles com &#8220;Les Bandes a Les Arts&#8221;, mentre que per la seua banda, destacades figures vinculades al teatre d&#8217;\u00f2pera com Pl\u00e1cido Domingo o Zubin Mehta han col\u00b7laborat amb reputades societats musicals de la Comunitat Valenciana.<\/p>\n<p>&nbsp;<\/p>\n","protected":false},"excerpt":{"rendered":"<p>Una comissi\u00f3 mixta integrada per membres d&#8217;ambd\u00f3s institucions decidir\u00e0 els projectes de les pr\u00f2ximes edicions de &#8220;Bandes a Les Arts&#8221;. L&#8217;acord contempla condicions favorables d&#8217;acc\u00e9s a la programaci\u00f3 i activitat interna de l&#8217;enclavament cultural per a les societats musicals.<\/p>\n","protected":false},"author":2,"featured_media":0,"comment_status":"closed","ping_status":"closed","sticky":false,"template":"","format":"standard","meta":{"footnotes":""},"categories":[10],"tags":[],"class_list":["post-4227","post","type-post","status-publish","format-standard","hentry","category-musica-a-la-llum"],"_links":{"self":[{"href":"https:\/\/fsmcv.org\/vl\/wp-json\/wp\/v2\/posts\/4227","targetHints":{"allow":["GET"]}}],"collection":[{"href":"https:\/\/fsmcv.org\/vl\/wp-json\/wp\/v2\/posts"}],"about":[{"href":"https:\/\/fsmcv.org\/vl\/wp-json\/wp\/v2\/types\/post"}],"author":[{"embeddable":true,"href":"https:\/\/fsmcv.org\/vl\/wp-json\/wp\/v2\/users\/2"}],"replies":[{"embeddable":true,"href":"https:\/\/fsmcv.org\/vl\/wp-json\/wp\/v2\/comments?post=4227"}],"version-history":[{"count":0,"href":"https:\/\/fsmcv.org\/vl\/wp-json\/wp\/v2\/posts\/4227\/revisions"}],"wp:attachment":[{"href":"https:\/\/fsmcv.org\/vl\/wp-json\/wp\/v2\/media?parent=4227"}],"wp:term":[{"taxonomy":"category","embeddable":true,"href":"https:\/\/fsmcv.org\/vl\/wp-json\/wp\/v2\/categories?post=4227"},{"taxonomy":"post_tag","embeddable":true,"href":"https:\/\/fsmcv.org\/vl\/wp-json\/wp\/v2\/tags?post=4227"}],"curies":[{"name":"wp","href":"https:\/\/api.w.org\/{rel}","templated":true}]}}