{"id":4230,"date":"2017-03-30T13:26:02","date_gmt":"2017-03-30T11:26:02","guid":{"rendered":"http:\/\/fsmcv.org\/?post_type=fsmcv-noticias&#038;p=4230"},"modified":"2020-09-27T18:19:40","modified_gmt":"2020-09-27T18:19:40","slug":"la-filarmonica-rossellana-celebra-100-anos-con-un-mes-de-abril-lleno-de-actividades","status":"publish","type":"post","link":"https:\/\/fsmcv.org\/vl\/noticies-campanyes\/musica-a-la-llum\/la-filarmonica-rossellana-celebra-100-anos-con-un-mes-de-abril-lleno-de-actividades\/","title":{"rendered":"La Filharm\u00f2nica Rossellana celebra 100 anys amb un mes d&#8217;abril carregat d&#8217;activitats"},"content":{"rendered":"<p>L&#8217;Associaci\u00f3 Filharm\u00f2nica Rossellana de Rossell (Castell\u00f3) contin\u00faa amb els actes commemoratius del seu primer segle de vida, i ha preparat per a tan important celebraci\u00f3 un mes d&#8217;abril que ve farcit d&#8217;activitats musicals i l\u00fadiques.<\/p>\n<p>La banda rossellana comen\u00e7ar\u00e0 el pr\u00f2xim cap de setmana amb les audicions dels solistes de l&#8217;Escola de M\u00fasica al Centre C\u00edvic &#8220;Mol\u00ed Vell&#8221; del poble.<\/p>\n<p>El dissabte 8 d&#8217;abril la societat musical celebrar\u00e0 el seu primer centenari amb activitats infantils, gimcana juvenil, cercavila de la xaranga &#8220;Ni cap ni peus&#8221;, sopar de pa i porta i festa amb el grup &#8220;Magia Negra&#8221;, seguit de discom\u00f2bil amb Dj Aitor.<\/p>\n<p>Per acabar, el dissabte 22 d&#8217;abril la banda de m\u00fasica de l&#8217;Associaci\u00f3 Musical la Filharm\u00f2nica Rossellana far\u00e0 el concert &#8220;100 anys de repertori&#8221;.<\/p>\n","protected":false},"excerpt":{"rendered":"<p>Els actes commemoratius del centenari de la societat comen\u00e7aran este cap de setmana amb les audicions de solistes, i continuaran el dia 8 d&#8217;abril amb la festa gran i el 22 d&#8217;abril amb el concert &#8220;100 anys de repertori&#8221;.<\/p>\n","protected":false},"author":2,"featured_media":0,"comment_status":"closed","ping_status":"closed","sticky":false,"template":"","format":"standard","meta":{"footnotes":""},"categories":[10],"tags":[],"class_list":["post-4230","post","type-post","status-publish","format-standard","hentry","category-musica-a-la-llum"],"_links":{"self":[{"href":"https:\/\/fsmcv.org\/vl\/wp-json\/wp\/v2\/posts\/4230","targetHints":{"allow":["GET"]}}],"collection":[{"href":"https:\/\/fsmcv.org\/vl\/wp-json\/wp\/v2\/posts"}],"about":[{"href":"https:\/\/fsmcv.org\/vl\/wp-json\/wp\/v2\/types\/post"}],"author":[{"embeddable":true,"href":"https:\/\/fsmcv.org\/vl\/wp-json\/wp\/v2\/users\/2"}],"replies":[{"embeddable":true,"href":"https:\/\/fsmcv.org\/vl\/wp-json\/wp\/v2\/comments?post=4230"}],"version-history":[{"count":0,"href":"https:\/\/fsmcv.org\/vl\/wp-json\/wp\/v2\/posts\/4230\/revisions"}],"wp:attachment":[{"href":"https:\/\/fsmcv.org\/vl\/wp-json\/wp\/v2\/media?parent=4230"}],"wp:term":[{"taxonomy":"category","embeddable":true,"href":"https:\/\/fsmcv.org\/vl\/wp-json\/wp\/v2\/categories?post=4230"},{"taxonomy":"post_tag","embeddable":true,"href":"https:\/\/fsmcv.org\/vl\/wp-json\/wp\/v2\/tags?post=4230"}],"curies":[{"name":"wp","href":"https:\/\/api.w.org\/{rel}","templated":true}]}}