{"id":4274,"date":"2017-04-03T09:10:54","date_gmt":"2017-04-03T07:10:54","guid":{"rendered":"http:\/\/fsmcv.org\/?post_type=fsmcv-noticias&#038;p=4274"},"modified":"2020-09-27T18:22:53","modified_gmt":"2020-09-27T18:22:53","slug":"lassociacio-amics-de-la-musica-de-palma-de-gandia-retroba-la-nostra-musica","status":"publish","type":"post","link":"https:\/\/fsmcv.org\/vl\/noticies-campanyes\/musica-a-la-llum\/lassociacio-amics-de-la-musica-de-palma-de-gandia-retroba-la-nostra-musica\/","title":{"rendered":"L&#8217;Associaci\u00f3 Amics de la M\u00fasica de Palma de Gandia retroba la nostra m\u00fasica"},"content":{"rendered":"<p>El pr\u00f2xim dissabte 8 d&#8217;abril, l&#8217;Associaci\u00f3 Amics de la M\u00fasica de Palma de Gandia realitzar\u00e0 el concert emmarcat dins de la 38\u00aa edici\u00f3 de la Campanya &#8220;Retrobem la nostra m\u00fasica&#8221; de la Diputaci\u00f3 de Val\u00e8ncia.<\/p>\n<p>El concert es celebrar\u00e0 a les 19h a l&#8217;Auditori de la Casa de Cultura de Palma de Gandia, amb entrada lliure.<\/p>\n<p>Comen\u00e7ar\u00e0 l&#8217;acte amb el pasdoble Dunia Piris, compost per Rafael Talens Pell\u00f3 i dedicat a Dunia Piris, la dona de l&#8217;ex alcalde de Cullera, Joan Grau, en l&#8217;any 2000. A continuaci\u00f3 s&#8217;interpretar\u00e0 &#8220;L&#8217;Alm\u00e0ssera L&#8217;Horta Viva&#8221; de Rafael Talens Pell\u00f3, obra encarregada per l&#8217;Ajuntament d&#8217;Alm\u00e0ssera. Seguidament, s&#8217;interpretar\u00e0 l&#8217;obra &#8220;Atl\u00e0ntida&#8221; de Vicent Mart\u00ed Ferrer (estrena absoluta).<\/p>\n<p>Despr\u00e9s d&#8217;un breu descans, a la segona part es podr\u00e0 escoltar el pasdoble &#8220;Jodreu&#8221;, realitzat per Vicent Mart\u00ed Ferrer (tamb\u00e9 estrena absoluta), seguit de la marxa cristiana &#8220;Gentileza 72&#8221; de Jos\u00e9 Mar\u00eda P\u00e9rez Vilaplana per a continuar amb &#8220;Almor\u00e0vits de Torrent&#8221;, obra de Vicent R. Bress\u00f3 Olaso. Posteriorment s&#8217;interpretar\u00e0 &#8220;Archeus&#8221; de Jos\u00e9 Rafael Pascual-Vilaplana, i per a finalitzar el concert s&#8217;interpretar\u00e0 la marxa mora &#8220;Fester&#8221; de Sa\u00fcl G\u00f3mez i Soler.<\/p>\n","protected":false},"excerpt":{"rendered":"<p>El concert, que s&#8217;emmarca dins la 38\u00aa campanya de la Diputaci\u00f3 de Val\u00e8ncia &#8220;Retrobem la nostra m\u00fasica&#8221;, es celebrar\u00e0 el dissabte 8 d&#8217;abril a les 19h a l&#8217;Auditori de la Casa de Cultura de Palma de Gandia.<\/p>\n","protected":false},"author":2,"featured_media":0,"comment_status":"closed","ping_status":"closed","sticky":false,"template":"","format":"standard","meta":{"footnotes":""},"categories":[10],"tags":[],"class_list":["post-4274","post","type-post","status-publish","format-standard","hentry","category-musica-a-la-llum"],"_links":{"self":[{"href":"https:\/\/fsmcv.org\/vl\/wp-json\/wp\/v2\/posts\/4274","targetHints":{"allow":["GET"]}}],"collection":[{"href":"https:\/\/fsmcv.org\/vl\/wp-json\/wp\/v2\/posts"}],"about":[{"href":"https:\/\/fsmcv.org\/vl\/wp-json\/wp\/v2\/types\/post"}],"author":[{"embeddable":true,"href":"https:\/\/fsmcv.org\/vl\/wp-json\/wp\/v2\/users\/2"}],"replies":[{"embeddable":true,"href":"https:\/\/fsmcv.org\/vl\/wp-json\/wp\/v2\/comments?post=4274"}],"version-history":[{"count":0,"href":"https:\/\/fsmcv.org\/vl\/wp-json\/wp\/v2\/posts\/4274\/revisions"}],"wp:attachment":[{"href":"https:\/\/fsmcv.org\/vl\/wp-json\/wp\/v2\/media?parent=4274"}],"wp:term":[{"taxonomy":"category","embeddable":true,"href":"https:\/\/fsmcv.org\/vl\/wp-json\/wp\/v2\/categories?post=4274"},{"taxonomy":"post_tag","embeddable":true,"href":"https:\/\/fsmcv.org\/vl\/wp-json\/wp\/v2\/tags?post=4274"}],"curies":[{"name":"wp","href":"https:\/\/api.w.org\/{rel}","templated":true}]}}