{"id":4277,"date":"2017-04-04T09:48:40","date_gmt":"2017-04-04T07:48:40","guid":{"rendered":"http:\/\/fsmcv.org\/?post_type=fsmcv-noticias&#038;p=4277"},"modified":"2020-09-27T18:23:06","modified_gmt":"2020-09-27T18:23:06","slug":"las-sociedades-musicales-ratifican-la-labor-de-la-fsmcv","status":"publish","type":"post","link":"https:\/\/fsmcv.org\/vl\/noticies-campanyes\/musica-a-la-llum\/las-sociedades-musicales-ratifican-la-labor-de-la-fsmcv\/","title":{"rendered":"Les societats musicals ratifiquen la tasca de la FSMCV"},"content":{"rendered":"<p>La Federaci\u00f3 de Societats Musicals de la Comunitat Valenciana (FSMCV) ha celebrat a Benicarl\u00f3 la seua primera Assemblea anual del 2017. L&#8217;objectiu d&#8217;esta trobada, que va tindre lloc el dissabte passat, ha sigut la modificaci\u00f3 estatut\u00e0ria per incorporar a les finalitats de l&#8217;entitat la promoci\u00f3 i foment de la igualtat d&#8217;oportunitats entre homes i dones en l&#8217;\u00e0mbit musical, aix\u00ed com l&#8217;aprovaci\u00f3 dels comptes i gesti\u00f3 de la Junta Directiva en 2016.<\/p>\n<p>Es tracta de la segona vegada que la FSMCV celebra una assemblea en el primer semestre de l&#8217;any. Aquesta iniciativa fou aprovada en 2015 en la trobada de Benic\u00e0ssim, a on es va decidir realitzar una assemblea per a l&#8217;aprovaci\u00f3 de l&#8217;activitat i comptes i altra posterior centrada en un contingut m\u00e9s formatiu i l\u00fadic.<\/p>\n<p>Pel que fa a la proposta de modificaci\u00f3 de l&#8217;article 6 dels Estatuts socials per incorporar entre les seues finalitats la promoci\u00f3 i foment de la igualtat d&#8217;oportunitats entre homes i dones, aquesta iniciativa va ser aprovada per la totalitat de les societats musicals assistents, sense cap vot en contra i nom\u00e9s una abstenci\u00f3.<\/p>\n<p>La FSMCV es compromet a la garantia en el tractament i les mateixes oportunitats a totes les persones del seu entorn de gosar de dret, educaci\u00f3, formaci\u00f3 i participaci\u00f3. A m\u00e9s, integrar\u00e0 la igualtat a tots els seus projectes, programes de formaci\u00f3, concerts i accions amb la finalitat d&#8217;evitar la discriminaci\u00f3 i contribuir i garantir el mateix acc\u00e9s d&#8217;oportunitats a les persones del seu entorn. Junt amb a\u00e7\u00f2, es posar\u00e0 especial atenci\u00f3 en l&#8217;\u00fas adequat del llenguatge i el foment d&#8217;idees per incentiva relacions igualit\u00e0ries i no sexistes.<\/p>\n<p>&#8220;Actualment, hi ha una notable quantitat de llocs directius en Societats Musicals ocupats per dones i incl\u00fas a la franja d&#8217;edat fins els 20 anys el 50% de les persones inscrites com a m\u00fasics s\u00f3n dones. A\u00e7\u00f2 reflexa els avan\u00e7os que hem experimentat, per\u00f2 encara queda molt de treball per fer en els llocs de major responsabilitat. Estem orgullosos de la modificaci\u00f3 que hem realitzat al nostres estatuts perqu\u00e8 \u00e9s una reforma de gran calat que estem segurs que influiran positivament en la societat&#8221;, ha afirmat Pedro Rodr\u00edguez, president de la FSMCV.<\/p>\n<h3>Aprovaci\u00f3 de la gesti\u00f3 i comptes generals<\/h3>\n<p>En aquesta assemblea, que ha comptat amb la col\u00b7laboraci\u00f3 de l&#8217;Ajuntament i de l&#8217;Associaci\u00f3 Musical &#8220;Ciutat de Benicarl\u00f3&#8221;, un altre dels punts m\u00e9s rellevants ha sigut l&#8217;aprovaci\u00f3 del balan\u00e7 de les activitats i gesti\u00f3 desenvolupades per la FSMCV al 2016 aix\u00ed com els seus comptes anuals. En este sentit, les Societats Musicals per unanimitat han ratificat el recolzament a la tasca de la Federaci\u00f3 en ambd\u00f3s aspectes sense cap vot en contra, tret especialment destacable en un organisme format per 547 societats musicals. La gesti\u00f3 fou aprovada amb la totalitat de vots a favor, cap en contra i 2 abstencions, a l&#8217;igual que els comptes anuals que no van tenir cap vot en contra i nom\u00e9s 3 abstencions.<\/p>\n<p>&#8220;Estem realment emocionats per l&#8217;acollida dels m\u00e9s de 300 assistents que han participat en un acte com el de hui. En primer lloc, per la seua participaci\u00f3, ja que es tracta d&#8217;una xifra superior a l&#8217;habitual en les assemblees d&#8217;aquest tipus. I en segon lloc, per comptar amb el suport un\u00e0nime de totes elles. Sentim que s&#8217;ha valorat molt positivament el dur treball que estem realitzant, per millorar la situaci\u00f3 de les SSMM&#8221;, ha destacat el president Pedro Rodr\u00edguez.<\/p>\n<p>Tamb\u00e9 s&#8217;ha aprovat la incorporaci\u00f3 a la Junta Directiva de Juan Carlos Alfonso Pic\u00f3 (president de la FSMCV a la comarca del Vinalop\u00f3) i M\u00aa Sales Coronaci\u00f3n Ferrer Ribera (secretaria de la Uni\u00f3 Musical de Sueca) com a vocal n\u00ba 10 i n\u00ba2, respectivament.<\/p>\n<p>Per \u00faltim, es va anunciar que en 2018 es commemorar\u00e0 el 50\u00ba aniversari de la FSMCV i per a aix\u00f2 s&#8217;ha posat en marxa una comissi\u00f3 mixta formada per m\u00e9s de 60 persones que s&#8217;encarregaran de la planificaci\u00f3 d&#8217;esdeveniments i actes de suport al col\u00b7lectiu que implique a les tres prov\u00edncies de la Comunitat Valenciana i que tindran un gran calat social i repercussi\u00f3 mundial.<\/p>\n","protected":false},"excerpt":{"rendered":"<p>La FSMCV ha celebrat a Benicarl\u00f3 la primera assemblea anual del 2017 i en ella s&#8217;han aprovat per unanimitat i sense cap vot en contra la gesti\u00f3 i comptes generals del 2016, a m\u00e9s de la modificaci\u00f3 dels estatuts per al foment de la igualtat entre dones i homes en la m\u00fasica.<\/p>\n","protected":false},"author":2,"featured_media":0,"comment_status":"closed","ping_status":"closed","sticky":false,"template":"","format":"standard","meta":{"footnotes":""},"categories":[10],"tags":[],"class_list":["post-4277","post","type-post","status-publish","format-standard","hentry","category-musica-a-la-llum"],"_links":{"self":[{"href":"https:\/\/fsmcv.org\/vl\/wp-json\/wp\/v2\/posts\/4277","targetHints":{"allow":["GET"]}}],"collection":[{"href":"https:\/\/fsmcv.org\/vl\/wp-json\/wp\/v2\/posts"}],"about":[{"href":"https:\/\/fsmcv.org\/vl\/wp-json\/wp\/v2\/types\/post"}],"author":[{"embeddable":true,"href":"https:\/\/fsmcv.org\/vl\/wp-json\/wp\/v2\/users\/2"}],"replies":[{"embeddable":true,"href":"https:\/\/fsmcv.org\/vl\/wp-json\/wp\/v2\/comments?post=4277"}],"version-history":[{"count":0,"href":"https:\/\/fsmcv.org\/vl\/wp-json\/wp\/v2\/posts\/4277\/revisions"}],"wp:attachment":[{"href":"https:\/\/fsmcv.org\/vl\/wp-json\/wp\/v2\/media?parent=4277"}],"wp:term":[{"taxonomy":"category","embeddable":true,"href":"https:\/\/fsmcv.org\/vl\/wp-json\/wp\/v2\/categories?post=4277"},{"taxonomy":"post_tag","embeddable":true,"href":"https:\/\/fsmcv.org\/vl\/wp-json\/wp\/v2\/tags?post=4277"}],"curies":[{"name":"wp","href":"https:\/\/api.w.org\/{rel}","templated":true}]}}