{"id":4280,"date":"2017-04-05T10:48:12","date_gmt":"2017-04-05T08:48:12","guid":{"rendered":"http:\/\/fsmcv.org\/?post_type=fsmcv-noticias&#038;p=4280"},"modified":"2020-09-27T18:23:15","modified_gmt":"2020-09-27T18:23:15","slug":"la-joven-orquesta-de-la-alianza-de-vinaros-en-concierto","status":"publish","type":"post","link":"https:\/\/fsmcv.org\/vl\/noticies-campanyes\/musica-a-la-llum\/la-joven-orquesta-de-la-alianza-de-vinaros-en-concierto\/","title":{"rendered":"La Jove Orquestra de &#8220;La Alianza&#8221; de Vinar\u00f2s en concert"},"content":{"rendered":"<p>Este cap de setmana la Societat Musical La Alianza de Vinar\u00f2s celebra l&#8217;arribada de la primavera amb un concert interpretat per la Jove Orquestra de la societat musical, que ser\u00e0 dirigida pel seu titular Jos\u00e9 Ram\u00f3n Renovell Renovell.<\/p>\n<p>El concert, que tindr\u00e0 lloc este dissabte 8 d&#8217;abril, comen\u00e7ar\u00e0 a les 20 hores a l&#8217;Auditori Municipal de Vinar\u00f2s &#8220;Venceslao Aiguals d&#8217;Izco&#8221;, amb repertori d&#8217;Antonio Vivaldi.<\/p>\n<h3>Programa<\/h3>\n<p><strong>Concert per a obo\u00e8 i viol\u00ed<\/strong> &#8230;&#8230;&#8230;&#8230;&#8230; Antonio Vivaldi (1678-1741)<\/p>\n<ul>\n<li>Allegro<\/li>\n<li>Largo<\/li>\n<li>Allegro<\/li>\n<\/ul>\n<p><em>Obo\u00e8 solista: Daniel Lozano Rodr\u00edguez<\/em><\/p>\n<p><em>Viol\u00ed solista: Ana Falc\u00f3 S\u00e1ez<\/em><\/p>\n<p>&nbsp;<\/p>\n<p><strong>Concert per a violoncel<\/strong> &#8230;&#8230;&#8230;&#8230;&#8230;&#8230; Antonio Vivaldi (1678-1741)<\/p>\n<ul>\n<li>Allegro no molto<\/li>\n<li>Adagio<\/li>\n<li>Allegro ma no molto<\/li>\n<\/ul>\n<p><em>Violoncel solista: Ariadna Besalduch Mediavilla<\/em><\/p>\n<p>&nbsp;<\/p>\n<p><strong>La primavera<\/strong> &#8230;&#8230;&#8230;&#8230;&#8230;&#8230;&#8230;&#8230;&#8230;&#8230;&#8230;.\u00a0Antonio Vivaldi (1678-1741)<\/p>\n<ul>\n<li>Allegro<\/li>\n<li>Largo<\/li>\n<li>Allegro<\/li>\n<\/ul>\n<p><em>Viol\u00ed solista: Ana Falc\u00f3 S\u00e1ez<\/em><\/p>\n","protected":false},"excerpt":{"rendered":"<p>El concert es celebrar\u00e0 este dissabte 8 d&#8217;abril a les 20 hores a l&#8217;Auditori Municipal &#8220;Venceslao Aiguals D&#8217;Izco&#8221;, interpretat per la Jove Orquestra de la societat musical i sota la direcci\u00f3 de Jos\u00e9 Ram\u00f3n Renovell.<\/p>\n","protected":false},"author":2,"featured_media":0,"comment_status":"closed","ping_status":"closed","sticky":false,"template":"","format":"standard","meta":{"footnotes":""},"categories":[10],"tags":[],"class_list":["post-4280","post","type-post","status-publish","format-standard","hentry","category-musica-a-la-llum"],"_links":{"self":[{"href":"https:\/\/fsmcv.org\/vl\/wp-json\/wp\/v2\/posts\/4280","targetHints":{"allow":["GET"]}}],"collection":[{"href":"https:\/\/fsmcv.org\/vl\/wp-json\/wp\/v2\/posts"}],"about":[{"href":"https:\/\/fsmcv.org\/vl\/wp-json\/wp\/v2\/types\/post"}],"author":[{"embeddable":true,"href":"https:\/\/fsmcv.org\/vl\/wp-json\/wp\/v2\/users\/2"}],"replies":[{"embeddable":true,"href":"https:\/\/fsmcv.org\/vl\/wp-json\/wp\/v2\/comments?post=4280"}],"version-history":[{"count":0,"href":"https:\/\/fsmcv.org\/vl\/wp-json\/wp\/v2\/posts\/4280\/revisions"}],"wp:attachment":[{"href":"https:\/\/fsmcv.org\/vl\/wp-json\/wp\/v2\/media?parent=4280"}],"wp:term":[{"taxonomy":"category","embeddable":true,"href":"https:\/\/fsmcv.org\/vl\/wp-json\/wp\/v2\/categories?post=4280"},{"taxonomy":"post_tag","embeddable":true,"href":"https:\/\/fsmcv.org\/vl\/wp-json\/wp\/v2\/tags?post=4280"}],"curies":[{"name":"wp","href":"https:\/\/api.w.org\/{rel}","templated":true}]}}