{"id":42826,"date":"2021-08-12T12:52:00","date_gmt":"2021-08-12T10:52:00","guid":{"rendered":"https:\/\/fsmcv.org\/uncategorized-vl\/la-unio-musical-llucenenca-busca-professor-a-de-percussio-per-al-curs-2021-2022\/"},"modified":"2021-09-02T13:42:45","modified_gmt":"2021-09-02T11:42:45","slug":"la-unio-musical-llucenenca-busca-professor-a-de-percussio-per-al-curs-2021-2022","status":"publish","type":"post","link":"https:\/\/fsmcv.org\/vl\/noticies-del-portal-docupacio\/la-unio-musical-llucenenca-busca-professor-a-de-percussio-per-al-curs-2021-2022\/","title":{"rendered":"La Uni\u00f3 Musical Llucenenca busca professor\/a de percussi\u00f3 per al curs 2021\/2022"},"content":{"rendered":"\n<p>La Uni\u00f3n Musical Llucenenca, de Llucena del Cid, busca professor\/a de percussi\u00f3 per al proper curs 2021\/2022<\/p>\n\n<div style=\"height:30px\" aria-hidden=\"true\" class=\"wp-block-spacer\"><\/div>\n\n<p class=\"has-text-align-center has-vivid-red-color has-text-color has-medium-font-size\"><strong>Es busca PROFESSOR DE PERCUSSI\u00d3<\/strong><\/p>\n\n<p class=\"has-text-align-center\">Requisit:<\/p>\n\n<p class=\"has-text-align-center\">Grau Mitj\u00e0 de percussi\u00f3 o equivalent<\/p>\n\n<p class=\"has-text-align-center\"> Es valorar\u00e0:<\/p>\n\n<p class=\"has-text-align-center\">Grau Superior<br\/>T\u00edtol de Magisteri Musical<br\/>Experi\u00e8ncia docent pr\u00e8via<\/p>\n\n<p class=\"has-text-align-center\">Interessats\/des enviar curr\u00edculum a <a href=\"mailto:em.musicojaimehernandez@gmail.com\" data-type=\"mailto\" data-id=\"mailto:em.musicojaimehernandez@gmail.com\"><\/a><a href=\"mailto:conservatori.umsco@gmail.com\"><\/a><a href=\"mailto:bandamusicallucena@gmail.com\">bandamusicallucena@gmail.com<\/a> abans del 25 d&#8217;agost<\/p>\n\n<div class=\"wp-block-group is-layout-flow wp-block-group-is-layout-flow\"><\/div>\n","protected":false},"excerpt":{"rendered":"<p>La Uni\u00f3n Musical Llucenenca, de Llucena del Cid, busca professor\/a de percussi\u00f3 per al proper curs 2021\/2022 Es busca PROFESSOR DE PERCUSSI\u00d3 Requisit: Grau Mitj\u00e0 de percussi\u00f3 o equivalent Es valorar\u00e0: Grau SuperiorT\u00edtol de Magisteri MusicalExperi\u00e8ncia docent pr\u00e8via Interessats\/des enviar curr\u00edculum a bandamusicallucena@gmail.com abans del 25 d&#8217;agost<\/p>\n","protected":false},"author":7,"featured_media":42822,"comment_status":"open","ping_status":"closed","sticky":false,"template":"","format":"standard","meta":{"footnotes":""},"categories":[167],"tags":[],"class_list":["post-42826","post","type-post","status-publish","format-standard","has-post-thumbnail","hentry","category-noticies-del-portal-docupacio"],"_links":{"self":[{"href":"https:\/\/fsmcv.org\/vl\/wp-json\/wp\/v2\/posts\/42826","targetHints":{"allow":["GET"]}}],"collection":[{"href":"https:\/\/fsmcv.org\/vl\/wp-json\/wp\/v2\/posts"}],"about":[{"href":"https:\/\/fsmcv.org\/vl\/wp-json\/wp\/v2\/types\/post"}],"author":[{"embeddable":true,"href":"https:\/\/fsmcv.org\/vl\/wp-json\/wp\/v2\/users\/7"}],"replies":[{"embeddable":true,"href":"https:\/\/fsmcv.org\/vl\/wp-json\/wp\/v2\/comments?post=42826"}],"version-history":[{"count":0,"href":"https:\/\/fsmcv.org\/vl\/wp-json\/wp\/v2\/posts\/42826\/revisions"}],"wp:featuredmedia":[{"embeddable":true,"href":"https:\/\/fsmcv.org\/vl\/wp-json\/wp\/v2\/media\/42822"}],"wp:attachment":[{"href":"https:\/\/fsmcv.org\/vl\/wp-json\/wp\/v2\/media?parent=42826"}],"wp:term":[{"taxonomy":"category","embeddable":true,"href":"https:\/\/fsmcv.org\/vl\/wp-json\/wp\/v2\/categories?post=42826"},{"taxonomy":"post_tag","embeddable":true,"href":"https:\/\/fsmcv.org\/vl\/wp-json\/wp\/v2\/tags?post=42826"}],"curies":[{"name":"wp","href":"https:\/\/api.w.org\/{rel}","templated":true}]}}