{"id":4284,"date":"2017-04-05T13:20:11","date_gmt":"2017-04-05T11:20:11","guid":{"rendered":"http:\/\/fsmcv.org\/?post_type=fsmcv-noticias&#038;p=4284"},"modified":"2020-09-27T18:23:30","modified_gmt":"2020-09-27T18:23:30","slug":"concierto-solidario-de-primavera-de-la-union-musical-santa-cecilia-de-canals","status":"publish","type":"post","link":"https:\/\/fsmcv.org\/vl\/noticies-campanyes\/musica-a-la-llum\/concierto-solidario-de-primavera-de-la-union-musical-santa-cecilia-de-canals\/","title":{"rendered":"Concert Solidari de Primavera de la Uni\u00f3 Musical Santa Cec\u00edlia de Canals"},"content":{"rendered":"<p>Este diumenge 9 d&#8217;abril la pla\u00e7a del Torre\u00f3 dels Borja del barri de la Torreta de Canals, ser\u00e0 l&#8217;escenari del concert solidari i de primavera de la Uni\u00f3 Musical Santa Cec\u00edlia de Canals. La cita, que ser\u00e0 a les 7 de la vesprada, comptar\u00e0 tamb\u00e9 amb la pres\u00e8ncia del cor infantil de l&#8217;escola &#8220;Jos\u00e9 Luis Biosca Guerola&#8221;.<\/p>\n<p>La banda, sota la batuta del seu mestre Josep Ros Garcia, interpretar\u00e0 en la primera part el pasdoble &#8220;Borts 1939&#8221; de Francisco Valor Llorens, &#8220;El Pereto&#8221; de Josep Ros Garcia (estrena en concert) i &#8220;Segundo Concierto de Clarinete y banda&#8221; d&#8217;\u00d2scar Navarro, en qu\u00e8 actuar\u00e0 com a solista Fernando Garc\u00eda L\u00f3pez.<\/p>\n<p>Ja a la segona part, interpretaran els pasdobles &#8220;Al Cel&#8221;de Francisco Valor Llorens i &#8220;Jaume Contrabandista&#8221; d&#8217;Azael Tormo, l&#8217;obra &#8220;Carlo Magno&#8221; de Pere Sanz Alcover i per a tancar la vetllada &#8220;Un mundo de ilusi\u00f3n&#8221; de Josep Ros Garc\u00eda, en qu\u00e8 participar\u00e0 el cor de la escola de m\u00fasica.<\/p>\n<p>A m\u00e9s, la Uni\u00f3 Musical Santa Cec\u00edlia de Canals ha decidit donar un mat\u00eds solidari a aquest concert i junt amb l&#8217;Associaci\u00f3 Local Contra el C\u00e0ncer, es tractar\u00e0 de recaptar els m\u00e0xims donatius per destinar-los a la lluita contra aquesta malaltia que de prop o de lluny, ens toca a tots i cada un de nosaltres. N&#8217;hi hauran urnes en qu\u00e8 tots els assistents que ho desitgen podran dipositar un donatiu.<\/p>\n<p>M\u00fasica i solidaritat aniran per tant de la m\u00e0 en una vetllada musical este diumenge a les 7 de la vesprada en el fant\u00e0stic enclavament del &#8220;Torre\u00f3 dels Borja&#8221; del barri de la Torreta de Canals.<\/p>\n","protected":false},"excerpt":{"rendered":"<p>El concert es celebrar\u00e0 el diumenge 9 d&#8217;abril a les 7 de la vesprada a la pla\u00e7a del Torre\u00f3 dels Borja de Canals.<\/p>\n","protected":false},"author":2,"featured_media":0,"comment_status":"closed","ping_status":"closed","sticky":false,"template":"","format":"standard","meta":{"footnotes":""},"categories":[10],"tags":[],"class_list":["post-4284","post","type-post","status-publish","format-standard","hentry","category-musica-a-la-llum"],"_links":{"self":[{"href":"https:\/\/fsmcv.org\/vl\/wp-json\/wp\/v2\/posts\/4284","targetHints":{"allow":["GET"]}}],"collection":[{"href":"https:\/\/fsmcv.org\/vl\/wp-json\/wp\/v2\/posts"}],"about":[{"href":"https:\/\/fsmcv.org\/vl\/wp-json\/wp\/v2\/types\/post"}],"author":[{"embeddable":true,"href":"https:\/\/fsmcv.org\/vl\/wp-json\/wp\/v2\/users\/2"}],"replies":[{"embeddable":true,"href":"https:\/\/fsmcv.org\/vl\/wp-json\/wp\/v2\/comments?post=4284"}],"version-history":[{"count":0,"href":"https:\/\/fsmcv.org\/vl\/wp-json\/wp\/v2\/posts\/4284\/revisions"}],"wp:attachment":[{"href":"https:\/\/fsmcv.org\/vl\/wp-json\/wp\/v2\/media?parent=4284"}],"wp:term":[{"taxonomy":"category","embeddable":true,"href":"https:\/\/fsmcv.org\/vl\/wp-json\/wp\/v2\/categories?post=4284"},{"taxonomy":"post_tag","embeddable":true,"href":"https:\/\/fsmcv.org\/vl\/wp-json\/wp\/v2\/tags?post=4284"}],"curies":[{"name":"wp","href":"https:\/\/api.w.org\/{rel}","templated":true}]}}