{"id":4292,"date":"2017-04-05T16:05:56","date_gmt":"2017-04-05T14:05:56","guid":{"rendered":"http:\/\/fsmcv.org\/?post_type=fsmcv-noticias&#038;p=4292"},"modified":"2020-09-27T18:23:48","modified_gmt":"2020-09-27T18:23:48","slug":"la-unio-musical-de-benaguasil-acull-una-master-class-amb-isbilya-jazz-brass","status":"publish","type":"post","link":"https:\/\/fsmcv.org\/vl\/noticies-campanyes\/musica-a-la-llum\/la-unio-musical-de-benaguasil-acull-una-master-class-amb-isbilya-jazz-brass\/","title":{"rendered":"La Uni\u00f3 Musical de Benaguasil acull una M\u00e1ster Class amb Isbilya Jazz Brass"},"content":{"rendered":"<p>El Centre d&#8217;Estudis de la Uni\u00f3 Musical de Benaguasil organitza i acull del 4 al 6 de maig una M\u00e0ster Class d&#8217;Ensemble d&#8217;instruments de vent-metall i bateria amb el grup musical Isbilya Jazz Brass.<\/p>\n<p>Els interessats podran inscriure&#8217;s en aquesta m\u00e0ster class fins el dia 21 d&#8217;abril, al correu del centre d&#8217;estudis\u00a0(<a href=\"mailto:ceuniomusical@gmail.com\">ceuniomusical@gmail.com<\/a>), o a la secretaria del centre (tfn 96 273 14 16).<\/p>\n<p>L&#8217;objectiu principal del curs \u00e9s el de transmetre als alumnes el coneixement i la pr\u00e0ctica de repertori de m\u00fasica dixie, intentant ampliar la visi\u00f3 hist\u00f2rica, art\u00edstica i t\u00e8cnica de la m\u00fasica, i aconseguir la percepci\u00f3 de l&#8217;obra en el seu conjunt, entenent-la de manera global. Aix\u00ed mateix, tamb\u00e9 hi haur\u00e0 espai per treballar altres aspectes t\u00e8cnics de l&#8217;especialitat instrumental i repertoris art\u00edstics que variaran segons els interessos i necessitats dels alumnes.<\/p>\n<p>El curs constar\u00e0 de classes individuals i col\u00b7lectives, a on es treballaran la percepci\u00f3 dels plans sonors, l&#8217;audici\u00f3, la uniformitat del so, exercicis de respiraci\u00f3, cant i afinaci\u00f3, i obres d&#8217;estil dixie que s&#8217;enviaran abans de l&#8217;inici del curs per a l&#8217;estudi previ.<\/p>\n<p>Les classes es desenvoluparan en intervals de 3 a 4 hores, dins de les instal\u00b7lacions de la Uni\u00f3 Musical de Benaguasil, en horaris de mat\u00ed (10 a 14h) i de vesprada (16 a 20h).<\/p>\n<p>Al front de les classes, estaran els professors Joseba Robles, Juan Carlos Daza, Pablo Badenas, Manolo Paz, Jos\u00e9 Miguel Sanz Dur\u00e1 i Ignacio Ampurdan\u00e9s, integrants del grup Isbilya Jazz Brass.<\/p>\n<p>Pots consultar <a href=\"http:\/\/fsmcv.org\/BTnet-storage\/wp-uploads\/2017\/04\/info_masterclass_isbilya.png\">tota la informaci\u00f3 sobre el curs ac\u00ed<\/a>, i sobre el <a href=\"http:\/\/fsmcv.org\/BTnet-storage\/wp-uploads\/2017\/04\/isbilya_grupo_profesores.jpg\">grup Isbilya Jazz Brass i els professors ac\u00ed<\/a>.<\/p>\n","protected":false},"excerpt":{"rendered":"<p>El curs s&#8217;impartir\u00e0 del 4 al 6 de maig, i les inscripcions romandran obertes fins el dia 21 d&#8217;abril.<\/p>\n","protected":false},"author":2,"featured_media":0,"comment_status":"closed","ping_status":"closed","sticky":false,"template":"","format":"standard","meta":{"footnotes":""},"categories":[10],"tags":[],"class_list":["post-4292","post","type-post","status-publish","format-standard","hentry","category-musica-a-la-llum"],"_links":{"self":[{"href":"https:\/\/fsmcv.org\/vl\/wp-json\/wp\/v2\/posts\/4292","targetHints":{"allow":["GET"]}}],"collection":[{"href":"https:\/\/fsmcv.org\/vl\/wp-json\/wp\/v2\/posts"}],"about":[{"href":"https:\/\/fsmcv.org\/vl\/wp-json\/wp\/v2\/types\/post"}],"author":[{"embeddable":true,"href":"https:\/\/fsmcv.org\/vl\/wp-json\/wp\/v2\/users\/2"}],"replies":[{"embeddable":true,"href":"https:\/\/fsmcv.org\/vl\/wp-json\/wp\/v2\/comments?post=4292"}],"version-history":[{"count":0,"href":"https:\/\/fsmcv.org\/vl\/wp-json\/wp\/v2\/posts\/4292\/revisions"}],"wp:attachment":[{"href":"https:\/\/fsmcv.org\/vl\/wp-json\/wp\/v2\/media?parent=4292"}],"wp:term":[{"taxonomy":"category","embeddable":true,"href":"https:\/\/fsmcv.org\/vl\/wp-json\/wp\/v2\/categories?post=4292"},{"taxonomy":"post_tag","embeddable":true,"href":"https:\/\/fsmcv.org\/vl\/wp-json\/wp\/v2\/tags?post=4292"}],"curies":[{"name":"wp","href":"https:\/\/api.w.org\/{rel}","templated":true}]}}