{"id":4305,"date":"2017-04-05T16:44:39","date_gmt":"2017-04-05T14:44:39","guid":{"rendered":"http:\/\/fsmcv.org\/?post_type=fsmcv-noticias&#038;p=4305"},"modified":"2020-09-27T18:24:16","modified_gmt":"2020-09-27T18:24:16","slug":"la-unio-musical-de-llutxent-ret-homenatge-ramon-garcia-soler","status":"publish","type":"post","link":"https:\/\/fsmcv.org\/vl\/noticies-campanyes\/musica-a-la-llum\/la-unio-musical-de-llutxent-ret-homenatge-ramon-garcia-soler\/","title":{"rendered":"La Uni\u00f3 Musical de Llutxent ret homenatge a Ramon Garcia i Soler"},"content":{"rendered":"<p>El pr\u00f2xim dissabte 8 d&#8217;abril, la Uni\u00f3 Musical de Llutxent celebra el seu tradicional Concert de M\u00fasica Festera, enguany dedicat al compositor valenci\u00e0 Ramon Garcia i Soler, a qui s&#8217;homenatjar\u00e0 amb aquest esdeveniment.<\/p>\n<p>La banda de la Uni\u00f3 Musical interpretar\u00e0 a la primera part del concert les marxes &#8220;Al primer tro&#8221; i &#8220;El Barranc del Sinc&#8221; del compositor alcoi\u00e0 Rafael Mullor Grau, el pasdoble &#8220;Lo cant del valenci\u00e0&#8221; del mestre Pedro Sosa i el pasdoble &#8220;Miguel Crespo, del compositor Enrique Alborch Tarras\u00f3, sota la batuta del seu director titular Carlos Pellicer.<\/p>\n<p>Ja a la segona part del concert, el reconegut director i compositor dirigir\u00e0 les seues marxes &#8220;Serrana&#8221;, &#8220;Creu d&#8217;Am\u00e8lia&#8221; i &#8220;Paco Jover&#8221;, i els pasdobles &#8220;Laura 94&#8221; i &#8220;Pep el Rompe&#8221;.<\/p>\n<p>El concert, que comen\u00e7ar\u00e0 el dissabte 8 d&#8217;abril a les 20 hores al Pavell\u00f3 Multiusos Jos\u00e9 A. Canet i Navarro, comptar\u00e0 tamb\u00e9 amb la col\u00b7laboraci\u00f3 de la colla de dol\u00e7aines i tabalets Raval Juss\u00e9.<\/p>\n","protected":false},"excerpt":{"rendered":"<p>L&#8217;homenatge al compositor valenci\u00e0 s&#8217;emmarca dins del Concert de Festes 2017. Ramon Garcia i Soler dirigir\u00e0 les seues pr\u00f2pies obres com a director convidat durant la segona part del concert. <\/p>\n","protected":false},"author":2,"featured_media":0,"comment_status":"closed","ping_status":"closed","sticky":false,"template":"","format":"standard","meta":{"footnotes":""},"categories":[10],"tags":[],"class_list":["post-4305","post","type-post","status-publish","format-standard","hentry","category-musica-a-la-llum"],"_links":{"self":[{"href":"https:\/\/fsmcv.org\/vl\/wp-json\/wp\/v2\/posts\/4305","targetHints":{"allow":["GET"]}}],"collection":[{"href":"https:\/\/fsmcv.org\/vl\/wp-json\/wp\/v2\/posts"}],"about":[{"href":"https:\/\/fsmcv.org\/vl\/wp-json\/wp\/v2\/types\/post"}],"author":[{"embeddable":true,"href":"https:\/\/fsmcv.org\/vl\/wp-json\/wp\/v2\/users\/2"}],"replies":[{"embeddable":true,"href":"https:\/\/fsmcv.org\/vl\/wp-json\/wp\/v2\/comments?post=4305"}],"version-history":[{"count":0,"href":"https:\/\/fsmcv.org\/vl\/wp-json\/wp\/v2\/posts\/4305\/revisions"}],"wp:attachment":[{"href":"https:\/\/fsmcv.org\/vl\/wp-json\/wp\/v2\/media?parent=4305"}],"wp:term":[{"taxonomy":"category","embeddable":true,"href":"https:\/\/fsmcv.org\/vl\/wp-json\/wp\/v2\/categories?post=4305"},{"taxonomy":"post_tag","embeddable":true,"href":"https:\/\/fsmcv.org\/vl\/wp-json\/wp\/v2\/tags?post=4305"}],"curies":[{"name":"wp","href":"https:\/\/api.w.org\/{rel}","templated":true}]}}