{"id":43118,"date":"2021-09-08T10:13:00","date_gmt":"2021-09-08T08:13:00","guid":{"rendered":"https:\/\/fsmcv.org\/uncategorized-vl\/el-centre-instructiu-musical-tendetes-de-valencia-busca-professor-de-guitarra-i-llenguatge-musical-per-a-la-seua-escola-de-musica\/"},"modified":"2021-09-10T10:22:19","modified_gmt":"2021-09-10T08:22:19","slug":"el-centre-instructiu-musical-tendetes-de-valencia-busca-professor-de-guitarra-i-llenguatge-musical-per-a-la-seua-escola-de-musica","status":"publish","type":"post","link":"https:\/\/fsmcv.org\/vl\/noticies-del-portal-docupacio\/el-centre-instructiu-musical-tendetes-de-valencia-busca-professor-de-guitarra-i-llenguatge-musical-per-a-la-seua-escola-de-musica\/","title":{"rendered":"El Centre Instructiu Musical Tendetes de Val\u00e8ncia busca professor de guitarra i llenguatge musical per a la seua escola de m\u00fasica"},"content":{"rendered":"\n<p>L&#8217;escola de m\u00fasica del Centre Instructiu Musical Tendetes de Val\u00e8ncia publica la seg\u00fcent oferta d&#8217;ocupaci\u00f3 per al pr\u00f2xim curs 2021\/2022:<\/p>\n\n<div style=\"height:30px\" aria-hidden=\"true\" class=\"wp-block-spacer\"><\/div>\n\n<p class=\"has-text-align-center has-vivid-red-color has-text-color has-medium-font-size\"><strong>Es busca PROFESSOR\/A de GUITARRA I LLENGUATGE MUSICAL<\/strong><\/p>\n\n<p class=\"has-text-align-center\">Es valorar\u00e0 titulaci\u00f3 superior i experi\u00e8ncia<\/p>\n\n<p class=\"has-text-align-center\">Els dies de treball seran dilluns i dimecres<\/p>\n\n<p class=\"has-text-align-center\"><\/p>\n\n<p class=\"has-text-align-center\">Els interessats poden dirigir el seu CV al correu <a href=\"mailto:em.musicojaimehernandez@gmail.com\" data-type=\"mailto\" data-id=\"mailto:em.musicojaimehernandez@gmail.com\"><\/a> <a href=\"mailto:bandatendetes@gmail.com\"><\/a><a href=\"mailto:bandatendetes@gmail.com\" data-type=\"mailto\" data-id=\"mailto:bandatendetes@gmail.com\">bandatendetes@gmail.com<\/a><\/p>\n","protected":false},"excerpt":{"rendered":"<p>L&#8217;escola de m\u00fasica del Centre Instructiu Musical Tendetes de Val\u00e8ncia publica la seg\u00fcent oferta d&#8217;ocupaci\u00f3 per al pr\u00f2xim curs 2021\/2022: Es busca PROFESSOR\/A de GUITARRA I LLENGUATGE MUSICAL Es valorar\u00e0 titulaci\u00f3 superior i experi\u00e8ncia Els dies de treball seran dilluns i dimecres Els interessats poden dirigir el seu CV al correu bandatendetes@gmail.com<\/p>\n","protected":false},"author":7,"featured_media":42861,"comment_status":"open","ping_status":"closed","sticky":false,"template":"","format":"standard","meta":{"footnotes":""},"categories":[167],"tags":[],"class_list":["post-43118","post","type-post","status-publish","format-standard","has-post-thumbnail","hentry","category-noticies-del-portal-docupacio"],"_links":{"self":[{"href":"https:\/\/fsmcv.org\/vl\/wp-json\/wp\/v2\/posts\/43118","targetHints":{"allow":["GET"]}}],"collection":[{"href":"https:\/\/fsmcv.org\/vl\/wp-json\/wp\/v2\/posts"}],"about":[{"href":"https:\/\/fsmcv.org\/vl\/wp-json\/wp\/v2\/types\/post"}],"author":[{"embeddable":true,"href":"https:\/\/fsmcv.org\/vl\/wp-json\/wp\/v2\/users\/7"}],"replies":[{"embeddable":true,"href":"https:\/\/fsmcv.org\/vl\/wp-json\/wp\/v2\/comments?post=43118"}],"version-history":[{"count":0,"href":"https:\/\/fsmcv.org\/vl\/wp-json\/wp\/v2\/posts\/43118\/revisions"}],"wp:featuredmedia":[{"embeddable":true,"href":"https:\/\/fsmcv.org\/vl\/wp-json\/wp\/v2\/media\/42861"}],"wp:attachment":[{"href":"https:\/\/fsmcv.org\/vl\/wp-json\/wp\/v2\/media?parent=43118"}],"wp:term":[{"taxonomy":"category","embeddable":true,"href":"https:\/\/fsmcv.org\/vl\/wp-json\/wp\/v2\/categories?post=43118"},{"taxonomy":"post_tag","embeddable":true,"href":"https:\/\/fsmcv.org\/vl\/wp-json\/wp\/v2\/tags?post=43118"}],"curies":[{"name":"wp","href":"https:\/\/api.w.org\/{rel}","templated":true}]}}