{"id":4314,"date":"2017-04-06T08:26:47","date_gmt":"2017-04-06T06:26:47","guid":{"rendered":"http:\/\/fsmcv.org\/?post_type=fsmcv-noticias&#038;p=4314"},"modified":"2020-09-27T18:24:37","modified_gmt":"2020-09-27T18:24:37","slug":"el-castell-dalaquas-acoge-la-union-musical-camino-del-calvario","status":"publish","type":"post","link":"https:\/\/fsmcv.org\/vl\/noticies-campanyes\/musica-a-la-llum\/el-castell-dalaquas-acoge-la-union-musical-camino-del-calvario\/","title":{"rendered":"El Castell d&#8217;Alaqu\u00e0s acull a la Uni\u00f3 Musical &#8220;Camino del Calvario&#8221;"},"content":{"rendered":"<p>El pr\u00f2xim diumenge 9 d&#8217;abril a les 19 hores en el Castell d&#8217;Alaqu\u00e0s, i organitzat per la Uni\u00f3 Musical d&#8217;Alaqu\u00e0s, es celebrar\u00e0 un concert que tindr\u00e0 com a obra principal el poema simf\u00f2nic per a banda i cors &#8220;Camino del Calvario&#8221;, del qual \u00e9s autor el m\u00fasic valenci\u00e0 Pedro J. Viso Roger.<\/p>\n<p>Aquesta obra est\u00e0 inspirada i dedicada a la process\u00f3 de Las Turbas, nom popular amb qu\u00e8 es coneix a la process\u00f3 Camino del Calvario, la m\u00e9s coneguda de la Setmana Santa de Conca i que es celebra la matinada del Divendres Sant.<\/p>\n<p>La part instrumental estar\u00e0 al c\u00e0rrec de la Banda Simf\u00f2nica de la societat musical, i la part coral ser\u00e0 interpretada per la Nova Coral de la Uni\u00f3 Musical d&#8217;Alaqu\u00e0s, la Coral Polif\u00f2nica d&#8217;Alc\u00e0sser, el Grup Polif\u00f2nic de la Uni\u00f3 Musical de Benaguasil, el Cor del Centre Art\u00edstic Musical de B\u00e9tera, la Coral &#8220;Julio Ribelles&#8221; de la Uni\u00f3 Musical de Santa Mar\u00eda del Puig, la Coral Polif\u00f2nica &#8220;Santa Cec\u00edlia&#8221; de la Societat Musical de Chelva i un grup de veus de les poblacions de B\u00e9tera i Chiva.<\/p>\n<p>Les entrades per assistir a aquest acte musical poden adquirir-se o reservar-se a la seu de la Uni\u00f3 Musical d&#8217;Alaqu\u00e0s.<\/p>\n","protected":false},"excerpt":{"rendered":"<p>El concert, inspirat i dedicat a la process\u00f3 de Las Turbas m\u00e9s coneguda com &#8220;Camino del Calvario&#8221; de la Setmana Santa de Conca, es celebrar\u00e0 el diumenge 9 d&#8217;abril a les 19 hores.<\/p>\n","protected":false},"author":2,"featured_media":0,"comment_status":"closed","ping_status":"closed","sticky":false,"template":"","format":"standard","meta":{"footnotes":""},"categories":[10],"tags":[],"class_list":["post-4314","post","type-post","status-publish","format-standard","hentry","category-musica-a-la-llum"],"_links":{"self":[{"href":"https:\/\/fsmcv.org\/vl\/wp-json\/wp\/v2\/posts\/4314","targetHints":{"allow":["GET"]}}],"collection":[{"href":"https:\/\/fsmcv.org\/vl\/wp-json\/wp\/v2\/posts"}],"about":[{"href":"https:\/\/fsmcv.org\/vl\/wp-json\/wp\/v2\/types\/post"}],"author":[{"embeddable":true,"href":"https:\/\/fsmcv.org\/vl\/wp-json\/wp\/v2\/users\/2"}],"replies":[{"embeddable":true,"href":"https:\/\/fsmcv.org\/vl\/wp-json\/wp\/v2\/comments?post=4314"}],"version-history":[{"count":0,"href":"https:\/\/fsmcv.org\/vl\/wp-json\/wp\/v2\/posts\/4314\/revisions"}],"wp:attachment":[{"href":"https:\/\/fsmcv.org\/vl\/wp-json\/wp\/v2\/media?parent=4314"}],"wp:term":[{"taxonomy":"category","embeddable":true,"href":"https:\/\/fsmcv.org\/vl\/wp-json\/wp\/v2\/categories?post=4314"},{"taxonomy":"post_tag","embeddable":true,"href":"https:\/\/fsmcv.org\/vl\/wp-json\/wp\/v2\/tags?post=4314"}],"curies":[{"name":"wp","href":"https:\/\/api.w.org\/{rel}","templated":true}]}}