{"id":4332,"date":"2017-04-06T13:58:19","date_gmt":"2017-04-06T11:58:19","guid":{"rendered":"http:\/\/fsmcv.org\/?post_type=fsmcv-noticias&#038;p=4332"},"modified":"2020-09-27T18:25:45","modified_gmt":"2020-09-27T18:25:45","slug":"la-banda-virgen-de-la-ermitana-de-peniscola-toca-por-la-investigacion-del-cancer-infantil","status":"publish","type":"post","link":"https:\/\/fsmcv.org\/vl\/certamens\/la-banda-virgen-de-la-ermitana-de-peniscola-toca-por-la-investigacion-del-cancer-infantil\/","title":{"rendered":"La banda Verge de l&#8217;Ermitana de Pen\u00edscola toca per la investigaci\u00f3 del c\u00e0ncer infantil"},"content":{"rendered":"<p>L&#8217;Associaci\u00f3 Musical Verge de l&#8217;Ermitana de Pen\u00edscola va presentar el dissabte 25 de mar\u00e7 una nova edici\u00f3 del concert solidari, que organitza i realitza cada any des del 2010. Enguany el concert, que es celebrar\u00e0 el dissabte 8 d&#8217;abril a les 19:30 al Palau de Congressos de Pen\u00edscola, destinar\u00e0 tota la recaptaci\u00f3 de les entrades a la investigaci\u00f3 del c\u00e0ncer infantil que es realitza a l&#8217;Institut d&#8217;Investigaci\u00f3 en Salut de l&#8217;hospital La Fe de Val\u00e8ncia.<\/p>\n<p>Sota el t\u00edtol &#8220;Va de&#8230; M\u00fasica valenciana del segle XXI&#8221;, la banda de la societat musical interpretar\u00e0 un repertori d&#8217;all\u00f2 m\u00e9s variat, amb una entrada-donatiu de 3 euros per als adults i 1 euro per als menors de 12 anys, i que es destinar\u00e0 en la seua totalitat a la causa solid\u00e0ria.<\/p>\n<p>En la presentaci\u00f3 del concert el passat 25 de mar\u00e7, la doctora Adela Ca\u00f1ete, cap de secci\u00f3 de la unitat d&#8217;oncologia pedi\u00e0trica de La Fe va assenyalar que en aquest servei s&#8217;at\u00e9n una mitja de 120 xiquets cada any amb diferents enfermetats neopl\u00e0siques, i que aconsegueixen curar el 80% de les mateixes gr\u00e0cies a la investigaci\u00f3 que els permet con\u00e9ixer m\u00e9s tant les malaties com els tractaments. Una investigaci\u00f3 que es pot dur a terme gr\u00e0cies a les ajudes de fons p\u00fablics i privats i de la solidaritat de les persones.<\/p>\n<p>La doctora tamb\u00e9 va destacar que els diners que s&#8217;obtenen es dediquen al personal investigador del laboratori, la compra de material fungible i els equipaments.<\/p>\n<p>Per la seua part, el director de la banda, Salvador Garc\u00eda Sorl\u00ed, va explicar el repertori del concert que constar\u00e0 de dues parts; a la primera intervindr\u00e0 la Banda Juvenil de l&#8217;Associaci\u00f3, interpretant el pasdoble\u00a0<em>Per damunt de tot valencians<\/em> de Miquel Vilar, la fantasia descriptiva\u00a0<em>Raps\u00f2dia valenciana<\/em> del mestre Penella, i el xicotet poema per a banda i cor infantil\u00a0<em>El caragol Mifasol<\/em>, de Ferrer Ferran, que comptar\u00e0 a m\u00e9s amb la interpretaci\u00f3 coral dels alumnes de l&#8217;escola de m\u00fasica.<\/p>\n<p>La segona part correr\u00e0 a c\u00e0rrec de la Banda de M\u00fasica de la societat, que interpretar\u00e0 tres peces. Obrir\u00e0 amb el pasdoble de concert\u00a0<em>Los Barbas<\/em> de Ferrer Ferran, el\u00a0<em>Concierto n\u00famero 1 para clarinete y banda\u00a0<\/em>d&#8217;\u00d2scar Navarro a on la clarinetista Mar\u00eda Sim\u00f3 Nafr\u00eda intervindr\u00e0 com a solista, i tancar\u00e0 el concert amb el poema simf\u00f2nic de Juan Gonzalo G\u00f3mez Deval\u00a0<em>Jaume I el Conqueridor<\/em>.<\/p>\n<p>El president de l&#8217;Associaci\u00f3 Musical Verge de l&#8217;Ermitana de Pen\u00edscola, Manuel Beltr\u00e1n Biosca, va destacar durant la presentaci\u00f3 la import\u00e0ncia de la causa, i va convidar a l&#8217;assist\u00e8ncia massiva al concert per tal de recaptar els m\u00e0xims fons possibles. De la mateixa manera, va recordar que el preu de l&#8217;entrada-donatiu ser\u00e0 de 3 euros per als adults i d&#8217;un euro per als menors de 12 anys.<\/p>\n","protected":false},"excerpt":{"rendered":"<p>L&#8217;Associaci\u00f3 Musical Verge de l&#8217;Ermitana de Pen\u00edscola celebra este dissabte el concert solidari en favor de la investigaci\u00f3 del c\u00e0ncer infantil de l&#8217;hospital La Fe<\/p>\n","protected":false},"author":2,"featured_media":0,"comment_status":"closed","ping_status":"closed","sticky":false,"template":"","format":"standard","meta":{"footnotes":""},"categories":[],"tags":[],"class_list":["post-4332","post","type-post","status-publish","format-standard","hentry"],"_links":{"self":[{"href":"https:\/\/fsmcv.org\/vl\/wp-json\/wp\/v2\/posts\/4332","targetHints":{"allow":["GET"]}}],"collection":[{"href":"https:\/\/fsmcv.org\/vl\/wp-json\/wp\/v2\/posts"}],"about":[{"href":"https:\/\/fsmcv.org\/vl\/wp-json\/wp\/v2\/types\/post"}],"author":[{"embeddable":true,"href":"https:\/\/fsmcv.org\/vl\/wp-json\/wp\/v2\/users\/2"}],"replies":[{"embeddable":true,"href":"https:\/\/fsmcv.org\/vl\/wp-json\/wp\/v2\/comments?post=4332"}],"version-history":[{"count":0,"href":"https:\/\/fsmcv.org\/vl\/wp-json\/wp\/v2\/posts\/4332\/revisions"}],"wp:attachment":[{"href":"https:\/\/fsmcv.org\/vl\/wp-json\/wp\/v2\/media?parent=4332"}],"wp:term":[{"taxonomy":"category","embeddable":true,"href":"https:\/\/fsmcv.org\/vl\/wp-json\/wp\/v2\/categories?post=4332"},{"taxonomy":"post_tag","embeddable":true,"href":"https:\/\/fsmcv.org\/vl\/wp-json\/wp\/v2\/tags?post=4332"}],"curies":[{"name":"wp","href":"https:\/\/api.w.org\/{rel}","templated":true}]}}