{"id":4336,"date":"2017-04-07T07:24:37","date_gmt":"2017-04-07T05:24:37","guid":{"rendered":"http:\/\/fsmcv.org\/?post_type=fsmcv-noticias&#038;p=4336"},"modified":"2020-09-27T18:25:54","modified_gmt":"2020-09-27T18:25:54","slug":"aixi-sera-la-nova-casa-de-la-musica-de-cheste","status":"publish","type":"post","link":"https:\/\/fsmcv.org\/vl\/certamens\/aixi-sera-la-nova-casa-de-la-musica-de-cheste\/","title":{"rendered":"Aix\u00ed ser\u00e0 la nova Casa de la M\u00fasica de Cheste"},"content":{"rendered":"<p>Xest tindr\u00e0 la seua nova Casa de la M\u00fasica, el lloc on els m\u00fasics de La Lira desenvoluparan el seu dia a dia i es formaran musicalment, en una de les associacions m\u00e9s importants de l&#8217;\u00e0mbit cultural de Xest, pel n\u00famero d&#8217;associats, per activitats i per la tasca educativa que desenvolupen.<\/p>\n<p>Amb la licitaci\u00f3 del projecte de reforma de l&#8217;antiga Casa de la Cultura per convertir-la en la Casa de la M\u00fasica, valorat en 800.000 euros m\u00e9s IVA, es posa en marxa un dels projectes m\u00e9s importants de l&#8217;Ajuntament de Xest per a aquesta legislatura. Una construcci\u00f3 que es troba distribu\u00efda en planta semis\u00f2tan, planta baixa i dos altures. L&#8217;acc\u00e9s continar\u00e0 fent-se pel n\u00famero 6 del Carrer Antonio Machado.<\/p>\n<p>Al semis\u00f2tan s&#8217;ubicaran fins a nou aules instrumentals i un magatzem. A la planta baixa estar\u00e0 la recepci\u00f3, els banys, un pati, una terrassa, dos aules infantils, un despatx per a la direcci\u00f3 aix\u00ed com una sala polivalent per a realitzar audicions, xarrades i actes.<\/p>\n<p>A la primera planta estaran ubicades tres aules te\u00f2riques, un aula instrumental, un magatzem d&#8217;instruments, la sala de juntes, la sala de professors i una biblioteca.<\/p>\n<p>Per \u00faltim, en la planta segona s&#8217;ha projectat la sala d&#8217;assajos, un espai per al control i so, un espai destinat a reprografia i arxiu, l&#8217;aula de percussi\u00f3 a m\u00e9s d&#8217;altres elements comuns dels banys i una cambra de neteja.<\/p>\n<p>M\u00e9s d&#8217;un centenar de joves m\u00fasics, aix\u00ed com els adults de la banda simf\u00f2nica, gaudiran d&#8217;aquestes instal\u00b7lacions per al pr\u00f2xim curs.<\/p>\n<h3>La Lira est\u00e0 d&#8217;enhorabona<\/h3>\n<p>El president de La Lira, Ismael S\u00e1nchez, es congratulaba per la construcci\u00f3 de la nova Casa de la M\u00fasica: &#8220;ens va a suposar un alleujament important, perqu\u00e8 les instal\u00b7lacions actuals s&#8217;havien quedat molt xicotetes. En estos moments, n&#8217;hi han m\u00e9s de cent cinquanta educands a la societat musical, a m\u00e9s a diari n&#8217;hi han activitats donat que tant els m\u00fasics de la banda com de la banda juvenil assaigen quasi a diari&#8221;, subratllava S\u00e1nchez.<\/p>\n<p>El president resaltava que tant els t\u00e8cnics de l&#8217;Ajuntament com els arquitectes &#8220;han dissenyat la nova Casa de la M\u00fasica atenent a les nostres necessitats, amb reunions que van comen\u00e7ar fa ja bastants messos per saber qu\u00e8 era el que necessit\u00e0vem. Han consultat amb els professors, la directora de l&#8217;escola, amb mi i la directiva, es podria dir que el projecte l&#8217;hem dissenyat nosaltres&#8221;, deia S\u00e1nchez.<\/p>\n<p>Per \u00faltim, Ismael S\u00e1nchez ha volgut destacar que les noves instal\u00b7lacions &#8220;s\u00f3n una aposta de futur&#8221; per a la banda i per a Xest en general. I encara que no es poden determinar els pla\u00e7os amb exactitud, &#8220;\u00e9s probable, com ens van explicar, que les obres estiguen llistes per a juliol del 2018&#8221;.<\/p>\n<h3>Una gran aposta de legislatura<\/h3>\n<p>La regidora de Cultura, M\u00aa \u00c1ngeles Llorente, ha assegurat que &#8220;Xest es mereix tenir una \u00a0Cas de la M\u00fasica del segle XXI, ja que la oferta formativa i cultural d&#8217;una societat musical com La Lira \u00e9s molt imprtant, desenvolupen una tasca professional que t\u00e9 un gran m\u00e8rit, ja que no nom\u00e9s projecten m\u00fasica com a forma de cultura, sin\u00f3 que formen a centenars de joves&#8221;.<\/p>\n<p>Per la seua banda, l&#8217;alcalde de Xest Jos\u00e9 Morell ha destacat que des de l&#8217;equip de govern sempre han &#8220;apostat per este projecte com un dels eixos fonamentals de les infraestructures d&#8217;aquesta legislatura, \u00e9s un projecte que compta amb un recolzament un\u00e0nime, pol\u00edtic i social, i que s&#8217;ha portat a terme consensuat i atenent les demandes i necessitats de la societat musical&#8221;.<\/p>\n<p>L&#8217;equip de govern de Xest ha portat avant este projecte en el que porta treballant des de l&#8217;any passat, i permetr\u00e0 al municipi &#8220;comptar amb unes instal\u00b7lacions de primer nivell per desenvolupar el dia a dia de la societat musical&#8221;, com ha afegit el regidor de Serveis, Jos\u00e9 Vicente Guijarro, qui assegura que &#8220;ser\u00e0 una refer\u00e8ncia en una prov\u00edncia com la de Val\u00e8ncia amb tanta tradici\u00f3 musical, perqu\u00e8 t\u00e9 m\u00e9s de 130 anys d&#8217;hist\u00f2ria, i fou l&#8217;\u00fanica associaci\u00f3 capa\u00e7 de sobreviure a la Guerra Civil oferint m\u00fasica i cultura, per aix\u00f2 es mereix, tant la societat com el poble, una Casa de la M\u00fasica Moderna&#8221;, tancava el regidor.<\/p>\n","protected":false},"excerpt":{"rendered":"<p>S&#8217;espera que les obres de l&#8217;edifici que acull ara mateix tota l&#8217;activitat de la societat i l&#8217;escola de m\u00fasica estiguen acabades per a juliol 2018. L&#8217;\u00faltim ple va aprovar la seua licitaci\u00f3 per vora un mili\u00f3 d&#8217;euros.<\/p>\n","protected":false},"author":2,"featured_media":0,"comment_status":"closed","ping_status":"closed","sticky":false,"template":"","format":"standard","meta":{"footnotes":""},"categories":[],"tags":[],"class_list":["post-4336","post","type-post","status-publish","format-standard","hentry"],"_links":{"self":[{"href":"https:\/\/fsmcv.org\/vl\/wp-json\/wp\/v2\/posts\/4336","targetHints":{"allow":["GET"]}}],"collection":[{"href":"https:\/\/fsmcv.org\/vl\/wp-json\/wp\/v2\/posts"}],"about":[{"href":"https:\/\/fsmcv.org\/vl\/wp-json\/wp\/v2\/types\/post"}],"author":[{"embeddable":true,"href":"https:\/\/fsmcv.org\/vl\/wp-json\/wp\/v2\/users\/2"}],"replies":[{"embeddable":true,"href":"https:\/\/fsmcv.org\/vl\/wp-json\/wp\/v2\/comments?post=4336"}],"version-history":[{"count":0,"href":"https:\/\/fsmcv.org\/vl\/wp-json\/wp\/v2\/posts\/4336\/revisions"}],"wp:attachment":[{"href":"https:\/\/fsmcv.org\/vl\/wp-json\/wp\/v2\/media?parent=4336"}],"wp:term":[{"taxonomy":"category","embeddable":true,"href":"https:\/\/fsmcv.org\/vl\/wp-json\/wp\/v2\/categories?post=4336"},{"taxonomy":"post_tag","embeddable":true,"href":"https:\/\/fsmcv.org\/vl\/wp-json\/wp\/v2\/tags?post=4336"}],"curies":[{"name":"wp","href":"https:\/\/api.w.org\/{rel}","templated":true}]}}