{"id":4345,"date":"2017-04-07T09:20:27","date_gmt":"2017-04-07T07:20:27","guid":{"rendered":"http:\/\/fsmcv.org\/?post_type=fsmcv-noticias&#038;p=4345"},"modified":"2020-09-27T18:26:19","modified_gmt":"2020-09-27T18:26:19","slug":"dos-bandas-valencianas-participan-este-fin-de-semana-en-el-certamen-internacional-vila-de-la-senia","status":"publish","type":"post","link":"https:\/\/fsmcv.org\/vl\/certamens\/dos-bandas-valencianas-participan-este-fin-de-semana-en-el-certamen-internacional-vila-de-la-senia\/","title":{"rendered":"Dos bandes valencianes participen este cap de setmana al Certamen Internacional &#8220;Vila de la S\u00e8nia&#8221;"},"content":{"rendered":"<p>L\u2019Agrupaci\u00f3n Socio-Cultural Banda Art\u00edstica de Merza (Pontevedra), la <strong>Banda de M\u00fasica del Centre Instructiu Musical de Mislata (Val\u00e8ncia)<\/strong> i la Banda de M\u00fasica de l\u2019Agrupaci\u00f3n Musical de Beniaj\u00e1n (M\u00farcia), en la Secci\u00f3 Primera; i la <strong>Banda de M\u00fasica del Centre Musical i Instructiu Santa Cec\u00edlia de Pu\u00e7ol (Val\u00e8ncia)<\/strong> i la Asociaci\u00f3n Banda de M\u00fasica de la Sierra de Algair\u00e9n (Saragossa), en la Secci\u00f3 Segona, seran les formacions musicals que competiran aquesta cap de setmana en \u00a0l\u2019<strong>XI Certamen Internacional de Bandes de M\u00fasica \u2018Vila de la S\u00e9nia\u2019, <\/strong>organitzat per l\u2019Agrupaci\u00f3 Musical Senienca (AMS). Segons ha manifestat el director del certamen, Pep vila, \u201cdespr\u00e9s d\u2019una edici\u00f3 especial l\u2019any passat, en qu\u00e8 vam celebrar els deu anys d\u2019aquesta activitat, enguany recuperem la\u00a0 normalitat amb una molt bona participaci\u00f3. Cinc bandes que ens oferiran un espectacle insuperable, ja que esperem que, com sempre, donaran el millor de cadascuna, per endur-se aquests premis de reconeixement a la tasca que fem les bandes\u201d.<\/p>\n<p>Dissabte, dia 8 d\u2019abril, a m\u00e9s de la inauguraci\u00f3 del certamen i de la desfilada d\u2019autoritats i de les bandes participants, desfilada que tamb\u00e9 es repetir\u00e0 diumenge, li tocar\u00e0 el torn a les bandes participants en la Secci\u00f3 Segona i diumenge, dia 9, arribar\u00e0 el torn dels participants en la Secci\u00f3 Primera.\u00a0 Com sempre, cada banda haur\u00e0 d\u2019interpretar una pe\u00e7a lliure, elegida per cada banda, i una altra establerta per l\u2019organitzaci\u00f3, que enguany seran: per a la 1a Secci\u00f3, LINCOLNSHIRE POSY de Percy A. Grainger (Ed. Ludwig Music Publishing), i per a la 2a Secci\u00f3: OBERTURA SENIENCA de Jos\u00e9 Rafael Pascual Vilaplana, que \u00e9s la pe\u00e7a composta l\u2019any passat, commemorativa dels deu anys del certamen.<\/p>\n<p>El jurat que haur\u00e0 d\u2019escollir les bandes guanyadores est\u00e0 format per tres directors i professors de m\u00fasica: l\u2019alemany Toni Scholl, la madrilenya Silvia Sanz i el castellonenc Salvador Sebasti\u00e0. Tots tres tenen una dilatada formaci\u00f3 i experi\u00e8ncia en el m\u00f3n de la m\u00fasica, i actualment compaginen la seva tasca docent amb la direcci\u00f3 d\u2019orquestra.<\/p>\n<p>El <strong>Certamen Internacional de Bandes de M\u00fasica \u2018Vila de la S\u00e9nia\u2019 <\/strong>\u00e9s \u00fanic a Catalunya. Preveu, a m\u00e9s del trofeu, uns premis de 6.000 euros per als guanyadors de la Secci\u00f3 Primera i de 4.000 euros per als de la Secci\u00f3 Segona, aix\u00ed com un diploma acreditatiu per als dos primers guanyadors de cada categoria. El concurs compta amb el patrocini de l\u2019Ajuntament de La S\u00e9nia, del departament de Cultura de la Generalitat de Catalunya i de\u00a0 l\u2019Obra Social La Caixa i amb el suport de diferents entitats locals i del territori.<\/p>\n","protected":false},"excerpt":{"rendered":"<p>Cinc bandes participen este cap de setmana al Certamen Internacional de Bandes Vila de la S\u00e8nia, provinents de Val\u00e8ncia, Pontevedra, M\u00farcia i Saragossa. Es lliuraran premis d&#8217;entre 4.000 i 6.000 euros als guanyadors de cada secci\u00f3.<\/p>\n","protected":false},"author":2,"featured_media":0,"comment_status":"closed","ping_status":"closed","sticky":false,"template":"","format":"standard","meta":{"footnotes":""},"categories":[],"tags":[],"class_list":["post-4345","post","type-post","status-publish","format-standard","hentry"],"_links":{"self":[{"href":"https:\/\/fsmcv.org\/vl\/wp-json\/wp\/v2\/posts\/4345","targetHints":{"allow":["GET"]}}],"collection":[{"href":"https:\/\/fsmcv.org\/vl\/wp-json\/wp\/v2\/posts"}],"about":[{"href":"https:\/\/fsmcv.org\/vl\/wp-json\/wp\/v2\/types\/post"}],"author":[{"embeddable":true,"href":"https:\/\/fsmcv.org\/vl\/wp-json\/wp\/v2\/users\/2"}],"replies":[{"embeddable":true,"href":"https:\/\/fsmcv.org\/vl\/wp-json\/wp\/v2\/comments?post=4345"}],"version-history":[{"count":0,"href":"https:\/\/fsmcv.org\/vl\/wp-json\/wp\/v2\/posts\/4345\/revisions"}],"wp:attachment":[{"href":"https:\/\/fsmcv.org\/vl\/wp-json\/wp\/v2\/media?parent=4345"}],"wp:term":[{"taxonomy":"category","embeddable":true,"href":"https:\/\/fsmcv.org\/vl\/wp-json\/wp\/v2\/categories?post=4345"},{"taxonomy":"post_tag","embeddable":true,"href":"https:\/\/fsmcv.org\/vl\/wp-json\/wp\/v2\/tags?post=4345"}],"curies":[{"name":"wp","href":"https:\/\/api.w.org\/{rel}","templated":true}]}}