{"id":4358,"date":"2017-04-10T13:20:28","date_gmt":"2017-04-10T11:20:28","guid":{"rendered":"http:\/\/fsmcv.org\/?post_type=fsmcv-noticias&#038;p=4358"},"modified":"2020-09-26T13:17:17","modified_gmt":"2020-09-26T13:17:17","slug":"les-bandes-de-pontevedra-pucol-semporten-els-primers-premis-del-certamen-vila-de-la-senia","status":"publish","type":"post","link":"https:\/\/fsmcv.org\/vl\/noticies-campanyes\/musica-a-la-llum\/les-bandes-de-pontevedra-pucol-semporten-els-primers-premis-del-certamen-vila-de-la-senia\/","title":{"rendered":"Les bandes de Pontevedra i Pu\u00e7ol s&#8217;emporten els primers premis del Certamen Vila de la S\u00e8nia"},"content":{"rendered":"<p>L\u2019Agrupaci\u00f3n Socio-Cultural Banda Art\u00edstica de Merza (Pontevedra), amb 296,50 punts, s\u2019ha emportat el primer premi de la Secci\u00f3 Primera de l\u2019XI Certamen Internacional de Bandes de m\u00fasica \u2018Vila de la S\u00e9nia\u2019, mentre que la Banda de M\u00fasica del <strong>Centre Musical i Instructiu Santa Cec\u00edlia de Pu\u00e7ol (Val\u00e8ncia)<\/strong>, amb 281,5 punts, s\u2019ha fet amb el <strong>Primer Premi de la Secci\u00f3 Segona<\/strong> del Certamen. El concurs, adre\u00e7at a bandes no professionals\u00a0 de fins a 100 m\u00fasics, s\u2019ha realitzat aquest passat cap de setmana a La S\u00e9nia organitzat per l\u2019Agrupaci\u00f3 Musical Senienca. El director del certamen Pep Vila ha manifestat que &#8220;un any m\u00e9s s\u2019han complert les nostres expectatives, hem tingut una competici\u00f3 molt llu\u00efda en qu\u00e8 el jurat ha escollit tenint en compte tant els aspectes t\u00e8cnics com els interpretatius dels participants. Tamb\u00e9 el p\u00fablic ha respost massivament&#8221;.<\/p>\n<p>Dissabte van competir dos bandes en la Secci\u00f3 Segona, en segona posici\u00f3 va quedar la Asociaci\u00f3n Banda de M\u00fasica de la Sierra de Algair\u00e9n (Saragossa). Diumenge, van competir tres bandes en la <strong>Secci\u00f3 Primera<\/strong>, en aquest cas van aconseguir un <strong>segon premi<\/strong>, perqu\u00e8 estaven en un b\u00e0rem entre els 230 i els 280 punts, la Banda de M\u00fasica del<strong> Centre Instructiu Musical de Mislata (Val\u00e8ncia)<\/strong>, amb 270 punts, i \u00a0la Banda de M\u00fasica de l\u2019Agrupaci\u00f3n Musical de Beniaj\u00e1n (M\u00farcia), amb 257 punts.<\/p>\n<p>Pel que fa als premis, s\u2019han lliurat 6.000 euros als guanyadors de la Secci\u00f3 Primera i 4.000 euros als de la Secci\u00f3 Segona, juntament amb un trofeu, \u00a0aix\u00ed com un diploma acreditatiu de la seua participaci\u00f3 a totes les bandes concursants. El concurs compta amb el patrocini de l\u2019Ajuntament de La S\u00e9nia, del departament de Cultura de la Generalitat de Catalunya i de\u00a0 l\u2019Obra Social La Caixa i amb el suport de diferents entitats locals i del territori.<\/p>\n","protected":false},"excerpt":{"rendered":"<p>La banda de Santa Cec\u00edlia de Pu\u00e7ol ha obtingut el Primer Premi de la Secci\u00f3 Segona, mentre que el Centre Instructiu Musical de Mislata s&#8217;ha emportat un segon premi a la Secci\u00f3 Primera.<\/p>\n","protected":false},"author":2,"featured_media":0,"comment_status":"closed","ping_status":"closed","sticky":false,"template":"","format":"standard","meta":{"footnotes":""},"categories":[10],"tags":[],"class_list":["post-4358","post","type-post","status-publish","format-standard","hentry","category-musica-a-la-llum"],"_links":{"self":[{"href":"https:\/\/fsmcv.org\/vl\/wp-json\/wp\/v2\/posts\/4358","targetHints":{"allow":["GET"]}}],"collection":[{"href":"https:\/\/fsmcv.org\/vl\/wp-json\/wp\/v2\/posts"}],"about":[{"href":"https:\/\/fsmcv.org\/vl\/wp-json\/wp\/v2\/types\/post"}],"author":[{"embeddable":true,"href":"https:\/\/fsmcv.org\/vl\/wp-json\/wp\/v2\/users\/2"}],"replies":[{"embeddable":true,"href":"https:\/\/fsmcv.org\/vl\/wp-json\/wp\/v2\/comments?post=4358"}],"version-history":[{"count":0,"href":"https:\/\/fsmcv.org\/vl\/wp-json\/wp\/v2\/posts\/4358\/revisions"}],"wp:attachment":[{"href":"https:\/\/fsmcv.org\/vl\/wp-json\/wp\/v2\/media?parent=4358"}],"wp:term":[{"taxonomy":"category","embeddable":true,"href":"https:\/\/fsmcv.org\/vl\/wp-json\/wp\/v2\/categories?post=4358"},{"taxonomy":"post_tag","embeddable":true,"href":"https:\/\/fsmcv.org\/vl\/wp-json\/wp\/v2\/tags?post=4358"}],"curies":[{"name":"wp","href":"https:\/\/api.w.org\/{rel}","templated":true}]}}