{"id":438,"date":"2016-09-21T10:34:03","date_gmt":"2016-09-21T08:34:03","guid":{"rendered":"http:\/\/fsmcv.org\/?post_type=fsmcv-noticias&#038;p=438"},"modified":"2020-09-27T18:23:08","modified_gmt":"2020-09-27T18:23:08","slug":"les-bandes-juvenils-agrupacio-musical-lamistat-i-el-centre-musical-paternense-en-concert","status":"publish","type":"post","link":"https:\/\/fsmcv.org\/vl\/noticies-campanyes\/musica-a-la-llum\/les-bandes-juvenils-agrupacio-musical-lamistat-i-el-centre-musical-paternense-en-concert\/","title":{"rendered":"Les bandes juvenils Agrupaci\u00f3 Musical l&#8217;Amistat i el Centre Musical Paternense en concert"},"content":{"rendered":"<p>Quart de Poblet, 25 de setembre del 2016<br \/>\nEl pr\u00f2xim diumenge 25 de setembre tindr\u00e0 lloc la trobada entre les bandes juvenils Agrupaci\u00f3 Musical l&#8217;Amistat, de Quart de Poblet, i el Centre Musical Paternense, de Paterna.<br \/>\nEl concert, que s&#8217;enmarca dins del XIII Programa de Concerts d&#8217;Intercanvis Musicals, tindr\u00e0 lloc a l&#8217;Auditori Mol\u00ed de Vila en Quart de Poblet, a les 12:00 hores.<br \/>\nEl XIII Programa d&#8217;Intercanvis Musicals &#8217;16 va comen\u00e7ar el 20 de maig i la seua programaci\u00f3 s&#8217;extendr\u00e0 fins el dia 9 d&#8217;octubre.<\/p>\n","protected":false},"excerpt":{"rendered":"<p>L&#8217;acte s&#8217;enmarca dins del XIII Programa d&#8217;Intercanvis Musicals &#8217;16 (&#8230;) <\/p>\n","protected":false},"author":2,"featured_media":0,"comment_status":"closed","ping_status":"closed","sticky":false,"template":"","format":"standard","meta":{"footnotes":""},"categories":[10],"tags":[],"class_list":["post-438","post","type-post","status-publish","format-standard","hentry","category-musica-a-la-llum"],"_links":{"self":[{"href":"https:\/\/fsmcv.org\/vl\/wp-json\/wp\/v2\/posts\/438","targetHints":{"allow":["GET"]}}],"collection":[{"href":"https:\/\/fsmcv.org\/vl\/wp-json\/wp\/v2\/posts"}],"about":[{"href":"https:\/\/fsmcv.org\/vl\/wp-json\/wp\/v2\/types\/post"}],"author":[{"embeddable":true,"href":"https:\/\/fsmcv.org\/vl\/wp-json\/wp\/v2\/users\/2"}],"replies":[{"embeddable":true,"href":"https:\/\/fsmcv.org\/vl\/wp-json\/wp\/v2\/comments?post=438"}],"version-history":[{"count":0,"href":"https:\/\/fsmcv.org\/vl\/wp-json\/wp\/v2\/posts\/438\/revisions"}],"wp:attachment":[{"href":"https:\/\/fsmcv.org\/vl\/wp-json\/wp\/v2\/media?parent=438"}],"wp:term":[{"taxonomy":"category","embeddable":true,"href":"https:\/\/fsmcv.org\/vl\/wp-json\/wp\/v2\/categories?post=438"},{"taxonomy":"post_tag","embeddable":true,"href":"https:\/\/fsmcv.org\/vl\/wp-json\/wp\/v2\/tags?post=438"}],"curies":[{"name":"wp","href":"https:\/\/api.w.org\/{rel}","templated":true}]}}