{"id":441,"date":"2016-09-21T10:37:19","date_gmt":"2016-09-21T08:37:19","guid":{"rendered":"http:\/\/fsmcv.org\/?post_type=fsmcv-noticias&#038;p=441"},"modified":"2020-09-27T18:23:19","modified_gmt":"2020-09-27T18:23:19","slug":"el-parc-de-vivers-acullira-el-concert-de-la-societat-musical-la-unio-de-tres-forques","status":"publish","type":"post","link":"https:\/\/fsmcv.org\/vl\/noticies-campanyes\/musica-a-la-llum\/el-parc-de-vivers-acullira-el-concert-de-la-societat-musical-la-unio-de-tres-forques\/","title":{"rendered":"El Parc de Vivers acullir\u00e1 el concert de la Societat Musical La Uni\u00f3 de Tres Forques"},"content":{"rendered":"<p>Valencia, 25 de septiembre de 2016<br \/>\nLa Societat Musical La Uni\u00f3 de Tres Forques oferir\u00e0 un concert el pr\u00f2xim diumenge 25 de setembre a les 12:00 hores en l&#8217;entorn \u00fanic dels jardins de Vivers, en Val\u00e8ncia.<br \/>\nEl concert s&#8217;enmarca dins del programa &#8220;M\u00fasica al Carrer&#8221; que organitzen conjuntament la Coordinadora de Societats Musicals Federades de la ciutat de Val\u00e8ncia i l&#8217;Ajuntament de Val\u00e8ncia. Un programa que va comen\u00e7ar el 17 de setembre i que podrem gaudir fins el dia 11 de desembre als carrers de Val\u00e8ncia.<br \/>\nEl cicle &#8220;M\u00fasica al Carrer&#8221;, que t\u00e9 25 concerts programats, ofereix la posibilitat de con\u00e8ixer les bandes de Val\u00e8ncia, que s&#8217;encarregaran de plenar la ciutat de m\u00fasica i aproparan aquesta important part de la cultura valenciana als ciutadans<\/p>\n","protected":false},"excerpt":{"rendered":"<p>El concert es celebrar\u00e0 el pr\u00f2xim diumenge 25 de setembre a les 12:00 als jardins de Vivers (&#8230;)<\/p>\n","protected":false},"author":2,"featured_media":0,"comment_status":"closed","ping_status":"closed","sticky":false,"template":"","format":"standard","meta":{"footnotes":""},"categories":[10],"tags":[],"class_list":["post-441","post","type-post","status-publish","format-standard","hentry","category-musica-a-la-llum"],"_links":{"self":[{"href":"https:\/\/fsmcv.org\/vl\/wp-json\/wp\/v2\/posts\/441","targetHints":{"allow":["GET"]}}],"collection":[{"href":"https:\/\/fsmcv.org\/vl\/wp-json\/wp\/v2\/posts"}],"about":[{"href":"https:\/\/fsmcv.org\/vl\/wp-json\/wp\/v2\/types\/post"}],"author":[{"embeddable":true,"href":"https:\/\/fsmcv.org\/vl\/wp-json\/wp\/v2\/users\/2"}],"replies":[{"embeddable":true,"href":"https:\/\/fsmcv.org\/vl\/wp-json\/wp\/v2\/comments?post=441"}],"version-history":[{"count":0,"href":"https:\/\/fsmcv.org\/vl\/wp-json\/wp\/v2\/posts\/441\/revisions"}],"wp:attachment":[{"href":"https:\/\/fsmcv.org\/vl\/wp-json\/wp\/v2\/media?parent=441"}],"wp:term":[{"taxonomy":"category","embeddable":true,"href":"https:\/\/fsmcv.org\/vl\/wp-json\/wp\/v2\/categories?post=441"},{"taxonomy":"post_tag","embeddable":true,"href":"https:\/\/fsmcv.org\/vl\/wp-json\/wp\/v2\/tags?post=441"}],"curies":[{"name":"wp","href":"https:\/\/api.w.org\/{rel}","templated":true}]}}