{"id":4414,"date":"2017-05-02T11:43:52","date_gmt":"2017-05-02T09:43:52","guid":{"rendered":"http:\/\/fsmcv.org\/?post_type=fsmcv-noticias&#038;p=4414"},"modified":"2020-09-27T18:17:05","modified_gmt":"2020-09-27T18:17:05","slug":"la-unio-artistica-musical-de-ontinyent-acompana-las-capitanias-de-alcoy-y-agullent","status":"publish","type":"post","link":"https:\/\/fsmcv.org\/vl\/certamens\/la-unio-artistica-musical-de-ontinyent-acompana-las-capitanias-de-alcoy-y-agullent\/","title":{"rendered":"La Uni\u00f3 Art\u00edstica Musical d&#8217;Ontinyent acompanya les capitanies d&#8217;Alcoi i Agullent"},"content":{"rendered":"<p>La Banda de M\u00fasica de la Societat Uni\u00f3 Art\u00edstica Musical d\u2019Ontinyent va viure el passat cap de setmana amb molta intensitat, amb motiu de la seua destacada participaci\u00f3 a les Festes de Moros i Cristians d\u2019Alcoi i Agullent.<\/p>\n<p>Primerament, m\u00e9s de 80 m\u00fasics de la Uni\u00f3 es van despla\u00e7ar a Alcoi per tal d\u2019acompanyar a l\u2019Esquadra d\u2019Enmig de la Fil\u00e0 Contrabandistes, interpretant \u201cLos Soreles\u201d de Jos\u00e9 M\u00aa Valls Satorres, en una entrada cristiana de la qual agra\u00efen, segons fonts de la Societat \u201cla gran acollida de tot el p\u00fablic, tant de la gent d\u2019Alcoi com tota la nostra gent d\u2019Ontinyent que ha vingut per donar-nos el seu suport\u201d.<\/p>\n<p>A la vesprada i ja en l\u2019Entrada Mora, la banda de m\u00fasica m\u00e9s antiga d\u2019Ontinyent va posar m\u00fasica a la Capitania Mora 2017 de la Fil\u00e0 Chano, interpretant la marxa mora \u201cVoluntat de fer\u201d, del mestre Jos\u00e9 P\u00e9rez Vilaplana. Des de la Uni\u00f3 han destacat: \u201cagra\u00efm de nou a les filaes la confian\u00e7a dipositada en el bon fer de la Uni\u00f3 Art\u00edstica Musical d\u2019Ontinyent i l\u2019agradable acollida rebuda durant tot el recorregut de la desfilada morocristiana.\u201d<\/p>\n<p>Per concloure el cap de setmana, la Uni\u00f3 Art\u00edstica Musical va participar acompanyant a la Capitana Mora d\u2019Agullent, Amparo Card\u00f3s Blasco, membre de la Fil\u00e0 Ben-Hulem, amb la qual la banda ontinyentina compleix 25 anys de relaci\u00f3 musical i festera. En este cas, la banda va interpretar la marxa mora \u201cTargui\u201d, acompanyada de la Coral Clarialba de Montaverner i els Dol\u00e7ainers del Regall d\u2019Ontinyent.<\/p>\n<p>Des de la Junta Directiva de la Uni\u00f3, tamb\u00e9 han volgut \u201cagrair la col\u00b7laboraci\u00f3 amb les filaes i comparses que han confiat amb nosaltres, especialment a la Fil\u00e0 Ben-Hulem d\u2019Agullent a la qual ens uneixen grans lla\u00e7os musicals i d\u2019amistat despr\u00e9s de 25 anys d\u2019una relaci\u00f3 hist\u00f2rica, aix\u00ed com a la coral de Montaverner i els dol\u00e7ainers del Regall d\u2019Ontinyent per la sana col\u00b7laboraci\u00f3 que va tindre com a resultat un gran \u00e8xit interpretatiu\u201d. A m\u00e9s, han volgut finalitzar incidint en \u201cla necessitat de seguir treballant per dignificar la nostra cultura musical, tal i com venim fent des de la nostra fundaci\u00f3 l\u2019any 1946, deixant ben alt el nom d\u2019Ontinyent all\u00e0 on anem\u201d.<\/p>\n","protected":false},"excerpt":{"rendered":"<p>Un any m\u00e9s la banda de la SUAM Ontinyent participa a les festes de Moros i Cristians de les localitats ve\u00efnes d&#8217;Alcoi i Agullent.<\/p>\n","protected":false},"author":2,"featured_media":0,"comment_status":"closed","ping_status":"closed","sticky":false,"template":"","format":"standard","meta":{"footnotes":""},"categories":[1],"tags":[],"class_list":["post-4414","post","type-post","status-publish","format-standard","hentry","category-certamenes"],"_links":{"self":[{"href":"https:\/\/fsmcv.org\/vl\/wp-json\/wp\/v2\/posts\/4414","targetHints":{"allow":["GET"]}}],"collection":[{"href":"https:\/\/fsmcv.org\/vl\/wp-json\/wp\/v2\/posts"}],"about":[{"href":"https:\/\/fsmcv.org\/vl\/wp-json\/wp\/v2\/types\/post"}],"author":[{"embeddable":true,"href":"https:\/\/fsmcv.org\/vl\/wp-json\/wp\/v2\/users\/2"}],"replies":[{"embeddable":true,"href":"https:\/\/fsmcv.org\/vl\/wp-json\/wp\/v2\/comments?post=4414"}],"version-history":[{"count":0,"href":"https:\/\/fsmcv.org\/vl\/wp-json\/wp\/v2\/posts\/4414\/revisions"}],"wp:attachment":[{"href":"https:\/\/fsmcv.org\/vl\/wp-json\/wp\/v2\/media?parent=4414"}],"wp:term":[{"taxonomy":"category","embeddable":true,"href":"https:\/\/fsmcv.org\/vl\/wp-json\/wp\/v2\/categories?post=4414"},{"taxonomy":"post_tag","embeddable":true,"href":"https:\/\/fsmcv.org\/vl\/wp-json\/wp\/v2\/tags?post=4414"}],"curies":[{"name":"wp","href":"https:\/\/api.w.org\/{rel}","templated":true}]}}