{"id":4425,"date":"2017-05-02T14:37:03","date_gmt":"2017-05-02T12:37:03","guid":{"rendered":"http:\/\/fsmcv.org\/?post_type=fsmcv-noticias&#038;p=4425"},"modified":"2020-09-27T18:17:29","modified_gmt":"2020-09-27T18:17:29","slug":"lartistica-de-novelda-ofereix-el-concert-musica-als-pobles-monovar","status":"publish","type":"post","link":"https:\/\/fsmcv.org\/vl\/certamens\/lartistica-de-novelda-ofereix-el-concert-musica-als-pobles-monovar\/","title":{"rendered":"L&#8217;Art\u00edstica de Novelda ofereix el concert &#8220;M\u00fasica als pobles&#8221; a Mon\u00f2var"},"content":{"rendered":"<p>Dins del cicle de concerts que patrocina la Diputaci\u00f3 d&#8217;Alacant, la banda de Novelda ofereix el seu concert de &#8220;M\u00fasica als pobles&#8221; a la ve\u00efna localitat de Mon\u00f2var. Per al concert, la entitat noveldense ha comptat amb la col\u00b7laboraci\u00f3 de l&#8217;Ajuntament de Mon\u00f2var i la banda local, la Art\u00edstica de Mon\u00f2var, que cedeix a la banda de Novelda part del seu material per poder desenvolupar aquesta actuaci\u00f3.<\/p>\n<p>El concert tindr\u00e0 lloc este diumenge 7 de maig a les 18 hores a la Pla\u00e7a de l&#8217;Ajuntament de Mon\u00f2var. L&#8217;Art\u00edstica de Novelda vol convidar tots els socis en especial, i als ciutadans en general per a que els acompanyen en aquesta activitat, ra\u00f3 per la qual posar\u00e0 a disposici\u00f3 places d&#8217;autob\u00fas a les persones que ho desitgen i ho comuniquen a l&#8217;Art\u00edstica de Novelda (seu al Carrer Men\u00e9ndez Pelayo, 46).<\/p>\n<p>El concert comptar\u00e0 amb la participaci\u00f3 de les alumnes del Conservatori Professional de Dansa de Novelda: Marina Algarra, Laura Esteva i Ana Segura. A m\u00e9s, tamb\u00e9 actuar\u00e0 junt amb la banda la soprano Mar\u00eda Rico Mira.<\/p>\n","protected":false},"excerpt":{"rendered":"<p>El concert es celebrar\u00e0 este diumenge 7 de maig a les 18 hores a la Pla\u00e7a de l&#8217;Ajuntament de Mon\u00f3var, amb la participaci\u00f3 de les alumnes del Conservatori Professional de Dansa de Novelda.<\/p>\n","protected":false},"author":2,"featured_media":0,"comment_status":"closed","ping_status":"closed","sticky":false,"template":"","format":"standard","meta":{"footnotes":""},"categories":[1],"tags":[],"class_list":["post-4425","post","type-post","status-publish","format-standard","hentry","category-certamenes"],"_links":{"self":[{"href":"https:\/\/fsmcv.org\/vl\/wp-json\/wp\/v2\/posts\/4425","targetHints":{"allow":["GET"]}}],"collection":[{"href":"https:\/\/fsmcv.org\/vl\/wp-json\/wp\/v2\/posts"}],"about":[{"href":"https:\/\/fsmcv.org\/vl\/wp-json\/wp\/v2\/types\/post"}],"author":[{"embeddable":true,"href":"https:\/\/fsmcv.org\/vl\/wp-json\/wp\/v2\/users\/2"}],"replies":[{"embeddable":true,"href":"https:\/\/fsmcv.org\/vl\/wp-json\/wp\/v2\/comments?post=4425"}],"version-history":[{"count":0,"href":"https:\/\/fsmcv.org\/vl\/wp-json\/wp\/v2\/posts\/4425\/revisions"}],"wp:attachment":[{"href":"https:\/\/fsmcv.org\/vl\/wp-json\/wp\/v2\/media?parent=4425"}],"wp:term":[{"taxonomy":"category","embeddable":true,"href":"https:\/\/fsmcv.org\/vl\/wp-json\/wp\/v2\/categories?post=4425"},{"taxonomy":"post_tag","embeddable":true,"href":"https:\/\/fsmcv.org\/vl\/wp-json\/wp\/v2\/tags?post=4425"}],"curies":[{"name":"wp","href":"https:\/\/api.w.org\/{rel}","templated":true}]}}