{"id":44800,"date":"2021-11-04T16:12:40","date_gmt":"2021-11-04T15:12:40","guid":{"rendered":"https:\/\/fsmcv.org\/certamens\/lassociacio-artistico-musical-doliva-busca-professor-a-deducacio-vocal-per-a-la-seua-escola-de-musica\/"},"modified":"2021-12-27T12:21:37","modified_gmt":"2021-12-27T11:21:37","slug":"lassociacio-artistico-musical-doliva-busca-professor-a-deducacio-vocal-per-a-la-seua-escola-de-musica","status":"publish","type":"post","link":"https:\/\/fsmcv.org\/vl\/noticies-del-portal-docupacio\/lassociacio-artistico-musical-doliva-busca-professor-a-deducacio-vocal-per-a-la-seua-escola-de-musica\/","title":{"rendered":"L&#8217;Associaci\u00f3 Art\u00edstico-Musical d&#8217;Oliva busca professor\/a d&#8217;educaci\u00f3 vocal per a la seua escola de m\u00fasica"},"content":{"rendered":"\n<p>L&#8217;escola de m\u00fasica de l&#8217;Associaci\u00f3 Art\u00edstico-Musical d&#8217;Oliva publica la seg\u00fcent oferta d&#8217;ocupaci\u00f3 per al curs 2021\/2022: <\/p>\n\n<p><\/p>\n\n<p class=\"has-text-align-center has-vivid-red-color has-text-color has-medium-font-size\">  <strong><strong>Es busca PROFESSOR\/A d&#8217;EDUCACI\u00d3 VOCAL<\/strong><\/strong> <\/p>\n\n<p class=\"has-text-align-center\"><strong>Requisit:<\/strong><\/p>\n\n<p class=\"has-text-align-center\">Grau professional en Educaci\u00f3 Vocal (Canto)<\/p>\n\n<p class=\"has-text-align-center\"><strong>Es valorar\u00e0:<\/strong><\/p>\n\n<p class=\"has-text-align-center\">Experi\u00e8ncia i versatilitat amb la doc\u00e8ncia d&#8217;alumnat de totes les edats<\/p>\n\n<p class=\"has-text-align-center\"> <strong>Formaci\u00f3 complement\u00e0ria:<\/strong> <\/p>\n\n<p class=\"has-text-align-center\">Experi\u00e8ncia en el m\u00f3n de l&#8217;escoles de m\u00fasica<\/p>\n\n<p class=\"has-text-align-center\"><strong>Horari:<\/strong><\/p>\n\n<p class=\"has-text-align-center\">De dos a tres hores setmanals<\/p>\n\n<p class=\"has-text-align-center\">Els interessats poden dirigir el seu CV al correu <a href=\"mailto:bandatendetes@gmail.com\">aamoliva2011@gmail.com<\/a><\/p>\n\n<p class=\"has-text-align-center\">Recepci\u00f3 de CV fins al 19 de novembre de 2021<\/p>\n","protected":false},"excerpt":{"rendered":"<p>L&#8217;escola de m\u00fasica de l&#8217;Associaci\u00f3 Art\u00edstico-Musical d&#8217;Oliva publica la seg\u00fcent oferta d&#8217;ocupaci\u00f3 per al curs 2021\/2022: Es busca PROFESSOR\/A d&#8217;EDUCACI\u00d3 VOCAL Requisit: Grau professional en Educaci\u00f3 Vocal (Canto) Es valorar\u00e0: Experi\u00e8ncia i versatilitat amb la doc\u00e8ncia d&#8217;alumnat de totes les edats Formaci\u00f3 complement\u00e0ria: Experi\u00e8ncia en el m\u00f3n de l&#8217;escoles de m\u00fasica Horari: De dos a [&hellip;]<\/p>\n","protected":false},"author":17,"featured_media":44798,"comment_status":"open","ping_status":"closed","sticky":false,"template":"","format":"standard","meta":{"footnotes":""},"categories":[167],"tags":[],"class_list":["post-44800","post","type-post","status-publish","format-standard","has-post-thumbnail","hentry","category-noticies-del-portal-docupacio"],"_links":{"self":[{"href":"https:\/\/fsmcv.org\/vl\/wp-json\/wp\/v2\/posts\/44800","targetHints":{"allow":["GET"]}}],"collection":[{"href":"https:\/\/fsmcv.org\/vl\/wp-json\/wp\/v2\/posts"}],"about":[{"href":"https:\/\/fsmcv.org\/vl\/wp-json\/wp\/v2\/types\/post"}],"author":[{"embeddable":true,"href":"https:\/\/fsmcv.org\/vl\/wp-json\/wp\/v2\/users\/17"}],"replies":[{"embeddable":true,"href":"https:\/\/fsmcv.org\/vl\/wp-json\/wp\/v2\/comments?post=44800"}],"version-history":[{"count":0,"href":"https:\/\/fsmcv.org\/vl\/wp-json\/wp\/v2\/posts\/44800\/revisions"}],"wp:featuredmedia":[{"embeddable":true,"href":"https:\/\/fsmcv.org\/vl\/wp-json\/wp\/v2\/media\/44798"}],"wp:attachment":[{"href":"https:\/\/fsmcv.org\/vl\/wp-json\/wp\/v2\/media?parent=44800"}],"wp:term":[{"taxonomy":"category","embeddable":true,"href":"https:\/\/fsmcv.org\/vl\/wp-json\/wp\/v2\/categories?post=44800"},{"taxonomy":"post_tag","embeddable":true,"href":"https:\/\/fsmcv.org\/vl\/wp-json\/wp\/v2\/tags?post=44800"}],"curies":[{"name":"wp","href":"https:\/\/api.w.org\/{rel}","templated":true}]}}