{"id":4528,"date":"2017-05-18T10:37:36","date_gmt":"2017-05-18T08:37:36","guid":{"rendered":"http:\/\/fsmcv.org\/?post_type=fsmcv-noticias&#038;p=4528"},"modified":"2021-04-06T17:46:28","modified_gmt":"2021-04-06T15:46:28","slug":"la-union-musical-dalbaida-laranya-convoca-el-iii-concurso-de-composicion-de-pasodobles-fernando-tormo-ibanez","status":"publish","type":"post","link":"https:\/\/fsmcv.org\/vl\/societats-musicals\/la-union-musical-dalbaida-laranya-convoca-el-iii-concurso-de-composicion-de-pasodobles-fernando-tormo-ibanez\/","title":{"rendered":"La Uni\u00f3 Musical d&#8217;Albaida &#8220;L&#8217;Aranya&#8221; convoca el III Concurs de Composici\u00f3 de Pasdobles &#8220;Fernando Tormo Ib\u00e1\u00f1ez&#8221;"},"content":{"rendered":"<p>La Unio\u0301 Musical d\u2019Albaida l\u2019Aranya anuncia les bases per a la tercera edicio\u0301 del Concurs de composicio\u0301 de pasdobles Fernando Tormo Iba\u0301n\u0303ez. El concurs biennal arriba a una nova edicio\u0301, aquesta vegada per demostrar la seva consolidacio\u0301 en el mo\u0301n de la composicio\u0301 de la mu\u0301sica per a la festa, amb el seu objectiu de fomentar i enriquir el patrimoni musical i cultural de les bandes de mu\u0301sica i tambe\u0301 difondre l\u2019estil musical i la figura de l\u2019il\u00b7lustre compositor albaidi\u0301 Fernando Tormo, que va ser director de la Unio\u0301 Musical d\u2019Albaida l\u2019Aranya entre el 1951 i el 1953.<\/p>\n<p>De <a href=\"http:\/\/umaaranya.blogspot.com.es\/p\/ii-concurs-de-composicio-de-pasdobles.html\" target=\"_blank\" rel=\"noopener noreferrer\">les bases del concurs<\/a>, que es podran trobar a la web de l\u2019Aranya, cal destacar que les composicions que es vulguin presentar han de ser originals, e\u0301s a dir, que no s\u2019hagin presentat a cap altre concurs, ni tampoc s\u2019hagin editat. Les obres presentades hauran de classificar-se dins de la modalitat de \u2018Pasdoble dianer\u2019 o amb cara\u0300cter marcial adequat per a desfilades de bandes, a l\u2019estil de Fernando Tormo.<\/p>\n<p>El termini de presentacio\u0301 de les obres finalitzara\u0300 el 31 de juliol de 2017 a les 14 hores. Data en que\u0300 posteriorment el jurat, que estara\u0300 format entre tres i cinc persones del mo\u0301n de la mu\u0301sica, de reconegut prestigi i de solve\u0300ncia professional, entre les quals es trobara\u0300 el director de la Unio\u0301 Musical d\u2019Albaida l\u2019Aranya, seleccionaran quatre obres finalistes, les quals seran anunciades a trave\u0301s de la web de la societat musical i per comunicats de premsa.<\/p>\n<p>Les obres finalistes seran interpretades per la Unio\u0301 Musical d\u2019Albaida l\u2019Aranya en l\u2019acte de lliurament dels premis que tindra\u0300 lloc el 30 de setembre de 2017, l\u2019hora i el lloc seran pr\u00e8viament anunciats.<\/p>\n<p>Despre\u0301s de la interpretacio\u0301 de les quatre obres finalistes, s\u2019escolliran i s\u2019atorgaran els segu\u0308ents premis:<\/p>\n<ol>\n<li>Primer premi de 1.500 euros. A me\u0301s, el jurat podra\u0300 concedir totes les mencions d\u2019honor que considere oportunes sense estar aquestes remunerades econo\u0300micament.<\/li>\n<li>Acce\u0300ssit de 500 euros atorgat per votacio\u0301 del pu\u0301blic assistent al lliurament del premi.<\/li>\n<\/ol>\n<p>Finalment, l\u2019obra guanyadora del primer premi sera\u0300 interpretada per l\u2019Aranya en l\u2019acte me\u0301s important d\u2019aquesta societat musical: la baixada de la bandera del dia 7 d\u2019octubre, festivitat de la patrona d&#8217;Albaida.<\/p>\n","protected":false},"excerpt":{"rendered":"<p>El termini de presentaci\u00f3 de les obres acaba el 31 de juliol del 2017. Amb aquesta nova edici\u00f3 es demostra la consolidaci\u00f3 del concurs en el m\u00f3n de la m\u00fasica festera.<\/p>\n","protected":false},"author":2,"featured_media":0,"comment_status":"closed","ping_status":"closed","sticky":false,"template":"","format":"standard","meta":{"footnotes":""},"categories":[56],"tags":[],"class_list":["post-4528","post","type-post","status-publish","format-standard","hentry","category-societats-musicals"],"_links":{"self":[{"href":"https:\/\/fsmcv.org\/vl\/wp-json\/wp\/v2\/posts\/4528","targetHints":{"allow":["GET"]}}],"collection":[{"href":"https:\/\/fsmcv.org\/vl\/wp-json\/wp\/v2\/posts"}],"about":[{"href":"https:\/\/fsmcv.org\/vl\/wp-json\/wp\/v2\/types\/post"}],"author":[{"embeddable":true,"href":"https:\/\/fsmcv.org\/vl\/wp-json\/wp\/v2\/users\/2"}],"replies":[{"embeddable":true,"href":"https:\/\/fsmcv.org\/vl\/wp-json\/wp\/v2\/comments?post=4528"}],"version-history":[{"count":0,"href":"https:\/\/fsmcv.org\/vl\/wp-json\/wp\/v2\/posts\/4528\/revisions"}],"wp:attachment":[{"href":"https:\/\/fsmcv.org\/vl\/wp-json\/wp\/v2\/media?parent=4528"}],"wp:term":[{"taxonomy":"category","embeddable":true,"href":"https:\/\/fsmcv.org\/vl\/wp-json\/wp\/v2\/categories?post=4528"},{"taxonomy":"post_tag","embeddable":true,"href":"https:\/\/fsmcv.org\/vl\/wp-json\/wp\/v2\/tags?post=4528"}],"curies":[{"name":"wp","href":"https:\/\/api.w.org\/{rel}","templated":true}]}}